{"id":17725,"date":"2024-01-15T19:18:34","date_gmt":"2024-01-15T19:18:34","guid":{"rendered":"http:\/\/staging.ibermusicas.org\/?p=17725"},"modified":"2024-02-02T12:51:34","modified_gmt":"2024-02-02T12:51:34","slug":"la-agrupacion-triote-de-paraguay-sera-parte-del-xvi-encuentro-de-musicos-jazz-a-la-calle-de-mercedes-uruguay","status":"publish","type":"post","link":"http:\/\/staging.ibermusicas.org\/index.php\/la-agrupacion-triote-de-paraguay-sera-parte-del-xvi-encuentro-de-musicos-jazz-a-la-calle-de-mercedes-uruguay\/","title":{"rendered":"La agrupaci\u00f3n Tr\u00edot\u00e9 de Paraguay ser\u00e1 parte del XVI Encuentro de M\u00fasicos Jazz a la Calle de Mercedes, Uruguay"},"content":{"rendered":"<p dir=\"ltr\">Desde este s\u00e1bado 13 y hasta el domingo 21 de enero se llevar\u00e1 a cabo la edici\u00f3n 16 del encuentro internacional de m\u00fasicos Jazz a la Calle en Mercedes, departamento de Soriano (Uruguay). Como de costumbre, durante esos d\u00edas se podr\u00e1 disfrutar de presentaciones, toques callejeros, jams y cl\u00ednicas.<\/p>\n<p dir=\"ltr\">Tr\u00edoit\u00e9 se presentar\u00e1 en dicho festival el martes 16 de enero, d\u00f3nde tambi\u00e9n brindar\u00e1 una charla denominada: \u201cAcerca del folklore paraguayo\u201d sobre los dogmas de la m\u00fasica y las nuevas b\u00fasquedas en el panorama folkl\u00f3rico del Paraguay.<\/p>\n<p dir=\"ltr\">\nLa banda interpreta cl\u00e1sicos y no tan cl\u00e1sicos del folklore paraguayo, as\u00ed como composiciones propias, explora caminos actuales y nuevos v\u00ednculos de la m\u00fasica folcl\u00f3rica paraguaya, destacando sensibilidades y lenguajes propios del estilo. Combina repertorio del folklore tradicional, enriquecido de armon\u00edas y sonoridades modernas con aires de jazz, dando lugar a la improvisaci\u00f3n.<\/p>\n<p dir=\"ltr\">Tr\u00edoit\u00e9 est\u00e1 conformada por Paula Rodr\u00edguez en bajo, Carmen Monges en Arpa, Julieta Morel en bater\u00eda y Javier Palma en guitarra.<\/p>\n<p dir=\"ltr\">La agrupaci\u00f3n Tr\u00edoit\u00e9 ha sido beneficiaria de Iberm\u00fasicas en sus \u201cAyudas a la Circulaci\u00f3n\u201d.<\/p>\n<p>&nbsp;<\/p>\n<ul>\n<li dir=\"ltr\">\n<p dir=\"ltr\" role=\"presentation\">Martes 16 de enero en Casa de la Cultura, Wilson Ferreira Aldunate e Ituzaing\u00f3, Mercedes, Uruguay<\/p>\n<\/li>\n<\/ul>\n","protected":false},"excerpt":{"rendered":"<p>Desde este s\u00e1bado 13 y hasta el domingo 21 de enero se llevar\u00e1 a cabo la edici\u00f3n 16 del encuentro internacional de m\u00fasicos Jazz a la Calle en Mercedes, departamento de Soriano (Uruguay). Como de costumbre, durante esos d\u00edas se podr\u00e1 disfrutar de presentaciones, toques callejeros, jams y cl\u00ednicas. Tr\u00edoit\u00e9 se presentar\u00e1 en dicho festival [&hellip;]<\/p>\n","protected":false},"author":7,"featured_media":17726,"comment_status":"closed","ping_status":"closed","sticky":false,"template":"","format":"standard","meta":{"footnotes":""},"categories":[53],"tags":[],"class_list":["post-17725","post","type-post","status-publish","format-standard","has-post-thumbnail","hentry","category-noticias-generales"],"lang":"es","translations":{"es":17725,"pt":17728},"pll_sync_post":[],"post_mailing_queue_ids":[],"_links":{"self":[{"href":"http:\/\/staging.ibermusicas.org\/index.php\/wp-json\/wp\/v2\/posts\/17725","targetHints":{"allow":["GET"]}}],"collection":[{"href":"http:\/\/staging.ibermusicas.org\/index.php\/wp-json\/wp\/v2\/posts"}],"about":[{"href":"http:\/\/staging.ibermusicas.org\/index.php\/wp-json\/wp\/v2\/types\/post"}],"author":[{"embeddable":true,"href":"http:\/\/staging.ibermusicas.org\/index.php\/wp-json\/wp\/v2\/users\/7"}],"replies":[{"embeddable":true,"href":"http:\/\/staging.ibermusicas.org\/index.php\/wp-json\/wp\/v2\/comments?post=17725"}],"version-history":[{"count":1,"href":"http:\/\/staging.ibermusicas.org\/index.php\/wp-json\/wp\/v2\/posts\/17725\/revisions"}],"predecessor-version":[{"id":17727,"href":"http:\/\/staging.ibermusicas.org\/index.php\/wp-json\/wp\/v2\/posts\/17725\/revisions\/17727"}],"wp:featuredmedia":[{"embeddable":true,"href":"http:\/\/staging.ibermusicas.org\/index.php\/wp-json\/wp\/v2\/media\/17726"}],"wp:attachment":[{"href":"http:\/\/staging.ibermusicas.org\/index.php\/wp-json\/wp\/v2\/media?parent=17725"}],"wp:term":[{"taxonomy":"category","embeddable":true,"href":"http:\/\/staging.ibermusicas.org\/index.php\/wp-json\/wp\/v2\/categories?post=17725"},{"taxonomy":"post_tag","embeddable":true,"href":"http:\/\/staging.ibermusicas.org\/index.php\/wp-json\/wp\/v2\/tags?post=17725"}],"curies":[{"name":"wp","href":"https:\/\/api.w.org\/{rel}","templated":true}]}}