{"id":17728,"date":"2024-01-15T19:19:55","date_gmt":"2024-01-15T19:19:55","guid":{"rendered":"http:\/\/staging.ibermusicas.org\/?p=17728"},"modified":"2024-02-02T12:48:11","modified_gmt":"2024-02-02T12:48:11","slug":"o-grupo-paraguaio-triote-fara-parte-da-16a-edicao-do-encuentro-de-musicos-jazz-a-la-calle-de-mercedes-uruguai","status":"publish","type":"post","link":"http:\/\/staging.ibermusicas.org\/index.php\/o-grupo-paraguaio-triote-fara-parte-da-16a-edicao-do-encuentro-de-musicos-jazz-a-la-calle-de-mercedes-uruguai\/","title":{"rendered":"O grupo paraguaio Tr\u00edot\u00e9 far\u00e1 parte da 16\u00aa edi\u00e7\u00e3o do Encuentro de M\u00fasicos Jazz a la Calle de Mercedes, Uruguai"},"content":{"rendered":"<p dir=\"ltr\">De s\u00e1bado 13 a domingo 21 de janeiro, a 16\u00aa edi\u00e7\u00e3o do encontro internacional de m\u00fasicos de jazz de rua ter\u00e1 lugar em Mercedes, departamento de Soriano (Uruguai). Como \u00e9 habitual, durante estes dias, se poder\u00e1 desfrutar de espect\u00e1culos, actua\u00e7\u00f5es de rua, jams e cl\u00ednicas.<\/p>\n<p dir=\"ltr\">\n<p dir=\"ltr\">O Trioit\u00e9 actuar\u00e1 no festival na ter\u00e7a-feira, 16 de janeiro, onde tamb\u00e9m dar\u00e1 uma palestra intitulada: \u00abSobre o folclore paraguaio\u00bb falando dos dogmas da m\u00fasica e das novas buscas na cena folcl\u00f3rica paraguaia.<\/p>\n<p dir=\"ltr\">\n<p dir=\"ltr\">O grupo interpreta cl\u00e1ssicos e n\u00e3o t\u00e3o cl\u00e1ssicos do folclore paraguaio, al\u00e9m de composi\u00e7\u00f5es pr\u00f3prias, explora caminhos atuais e novos elos da m\u00fasica folcl\u00f3rica paraguaia, destacando sensibilidades e linguagens do estilo. Combina o repert\u00f3rio tradicional do folclore, enriquecido com harmonias e sonoridades modernas, com ares jazz\u00edsticos, dando lugar \u00e0 improvisa\u00e7\u00e3o.<\/p>\n<p dir=\"ltr\">\n<p dir=\"ltr\">Tr\u00edoit\u00e9 \u00e9 formado por Paula Rodr\u00edguez no baixo, Carmen Monges na harpa, Julieta Morel na bateria e Javier Palma na guitarra.<\/p>\n<p dir=\"ltr\">\n<p dir=\"ltr\">O grupo Tr\u00edoit\u00e9 foi benefici\u00e1rio do programa \u00abAjudas a Circula\u00e7\u00e3o\u201d do Programa Iberm\u00fasicas.<\/p>\n<p dir=\"ltr\">\n<ul>\n<li dir=\"ltr\">\n<p dir=\"ltr\" role=\"presentation\">Ter\u00e7a-feira, 16 de janeiro, na Casa de la Cultura, Wilson Ferreira Aldunate e Ituzaing\u00f3, Mercedes, Uruguai<\/p>\n<\/li>\n<\/ul>\n","protected":false},"excerpt":{"rendered":"<p>De s\u00e1bado 13 a domingo 21 de janeiro, a 16\u00aa edi\u00e7\u00e3o do encontro internacional de m\u00fasicos de jazz de rua ter\u00e1 lugar em Mercedes, departamento de Soriano (Uruguai). Como \u00e9 habitual, durante estes dias, se poder\u00e1 desfrutar de espect\u00e1culos, actua\u00e7\u00f5es de rua, jams e cl\u00ednicas. O Trioit\u00e9 actuar\u00e1 no festival na ter\u00e7a-feira, 16 de janeiro, [&hellip;]<\/p>\n","protected":false},"author":7,"featured_media":17726,"comment_status":"closed","ping_status":"closed","sticky":false,"template":"","format":"standard","meta":{"footnotes":""},"categories":[218],"tags":[],"class_list":["post-17728","post","type-post","status-publish","format-standard","has-post-thumbnail","hentry","category-noticias-generales-pt"],"lang":"pt","translations":{"pt":17728,"es":17725},"pll_sync_post":[],"post_mailing_queue_ids":[],"_links":{"self":[{"href":"http:\/\/staging.ibermusicas.org\/index.php\/wp-json\/wp\/v2\/posts\/17728","targetHints":{"allow":["GET"]}}],"collection":[{"href":"http:\/\/staging.ibermusicas.org\/index.php\/wp-json\/wp\/v2\/posts"}],"about":[{"href":"http:\/\/staging.ibermusicas.org\/index.php\/wp-json\/wp\/v2\/types\/post"}],"author":[{"embeddable":true,"href":"http:\/\/staging.ibermusicas.org\/index.php\/wp-json\/wp\/v2\/users\/7"}],"replies":[{"embeddable":true,"href":"http:\/\/staging.ibermusicas.org\/index.php\/wp-json\/wp\/v2\/comments?post=17728"}],"version-history":[{"count":1,"href":"http:\/\/staging.ibermusicas.org\/index.php\/wp-json\/wp\/v2\/posts\/17728\/revisions"}],"predecessor-version":[{"id":17729,"href":"http:\/\/staging.ibermusicas.org\/index.php\/wp-json\/wp\/v2\/posts\/17728\/revisions\/17729"}],"wp:featuredmedia":[{"embeddable":true,"href":"http:\/\/staging.ibermusicas.org\/index.php\/wp-json\/wp\/v2\/media\/17726"}],"wp:attachment":[{"href":"http:\/\/staging.ibermusicas.org\/index.php\/wp-json\/wp\/v2\/media?parent=17728"}],"wp:term":[{"taxonomy":"category","embeddable":true,"href":"http:\/\/staging.ibermusicas.org\/index.php\/wp-json\/wp\/v2\/categories?post=17728"},{"taxonomy":"post_tag","embeddable":true,"href":"http:\/\/staging.ibermusicas.org\/index.php\/wp-json\/wp\/v2\/tags?post=17728"}],"curies":[{"name":"wp","href":"https:\/\/api.w.org\/{rel}","templated":true}]}}