{"id":17735,"date":"2024-01-16T17:33:00","date_gmt":"2024-01-16T17:33:00","guid":{"rendered":"http:\/\/staging.ibermusicas.org\/?p=17735"},"modified":"2024-02-28T22:10:19","modified_gmt":"2024-02-28T22:10:19","slug":"barto-do-chapito-en-lisboa-portugal-presenta-encontro-de-bambas","status":"publish","type":"post","link":"http:\/\/staging.ibermusicas.org\/index.php\/barto-do-chapito-en-lisboa-portugal-presenta-encontro-de-bambas\/","title":{"rendered":"Bart\u00f4 do Chapit\u00f4 en Lisboa, Portugal presenta Encontro de Bambas"},"content":{"rendered":"<p dir=\"ltr\">El Bar Chapit\u00f4 es un espacio abierto a las artes, con una programaci\u00f3n variada durante toda la semana. Lo m\u00e1s destacado es la m\u00fasica en directo semanal, donde se puede disfrutar de samba, fado, jazz, el club de choro, entre otros muchos estilos y g\u00e9neros. Tambi\u00e9n hay espacio para ciclos de cine, proyecciones de v\u00eddeo, representaciones de teatro y danza, conferencias y debates sobre temas de actualidad.<\/p>\n<p>&nbsp;<\/p>\n<p dir=\"ltr\">Bart\u00f4 es tambi\u00e9n un espacio privilegiado para tertulias, presentaciones de libros y proyectos editoriales, exposiciones e instalaciones. En resumen, es un espacio abierto a las artes: \u00a1m\u00fasica, cine, v\u00eddeo, teatro, danza, conferencias y debates!<\/p>\n<p>&nbsp;<\/p>\n<p dir=\"ltr\">En el marco de los \u00abMi\u00e9rcoles de Samba\u00bb, presenta su \u00abEncontro de Bambas\u00bb con Bruno Pereira, Nem\u00e9m do Chal\u00e9, Luiz Castelo y Tercio Borges.<\/p>\n<p>&nbsp;<\/p>\n<p dir=\"ltr\">Bart\u00f4 do Chapit\u00f4 es una de las propuestas ganadoras del Concurso Especial Brasil Iberm\u00fasicas 2023.<\/p>\n<p>&nbsp;<\/p>\n<ul>\n<li dir=\"ltr\">\n<p dir=\"ltr\" role=\"presentation\">Mi\u00e9rcoles 17 de enero, Costa do Castelo 7, 1149-079 Lisboa, Portugal<\/p>\n<\/li>\n<\/ul>\n","protected":false},"excerpt":{"rendered":"<p>El Bar Chapit\u00f4 es un espacio abierto a las artes, con una programaci\u00f3n variada durante toda la semana. Lo m\u00e1s destacado es la m\u00fasica en directo semanal, donde se puede disfrutar de samba, fado, jazz, el club de choro, entre otros muchos estilos y g\u00e9neros. Tambi\u00e9n hay espacio para ciclos de cine, proyecciones de v\u00eddeo, [&hellip;]<\/p>\n","protected":false},"author":7,"featured_media":18072,"comment_status":"closed","ping_status":"closed","sticky":false,"template":"","format":"standard","meta":{"footnotes":""},"categories":[53],"tags":[],"class_list":["post-17735","post","type-post","status-publish","format-standard","has-post-thumbnail","hentry","category-noticias-generales"],"lang":"es","translations":{"es":17735},"pll_sync_post":[],"post_mailing_queue_ids":[],"_links":{"self":[{"href":"http:\/\/staging.ibermusicas.org\/index.php\/wp-json\/wp\/v2\/posts\/17735","targetHints":{"allow":["GET"]}}],"collection":[{"href":"http:\/\/staging.ibermusicas.org\/index.php\/wp-json\/wp\/v2\/posts"}],"about":[{"href":"http:\/\/staging.ibermusicas.org\/index.php\/wp-json\/wp\/v2\/types\/post"}],"author":[{"embeddable":true,"href":"http:\/\/staging.ibermusicas.org\/index.php\/wp-json\/wp\/v2\/users\/7"}],"replies":[{"embeddable":true,"href":"http:\/\/staging.ibermusicas.org\/index.php\/wp-json\/wp\/v2\/comments?post=17735"}],"version-history":[{"count":1,"href":"http:\/\/staging.ibermusicas.org\/index.php\/wp-json\/wp\/v2\/posts\/17735\/revisions"}],"predecessor-version":[{"id":17737,"href":"http:\/\/staging.ibermusicas.org\/index.php\/wp-json\/wp\/v2\/posts\/17735\/revisions\/17737"}],"wp:featuredmedia":[{"embeddable":true,"href":"http:\/\/staging.ibermusicas.org\/index.php\/wp-json\/wp\/v2\/media\/18072"}],"wp:attachment":[{"href":"http:\/\/staging.ibermusicas.org\/index.php\/wp-json\/wp\/v2\/media?parent=17735"}],"wp:term":[{"taxonomy":"category","embeddable":true,"href":"http:\/\/staging.ibermusicas.org\/index.php\/wp-json\/wp\/v2\/categories?post=17735"},{"taxonomy":"post_tag","embeddable":true,"href":"http:\/\/staging.ibermusicas.org\/index.php\/wp-json\/wp\/v2\/tags?post=17735"}],"curies":[{"name":"wp","href":"https:\/\/api.w.org\/{rel}","templated":true}]}}