{"id":17738,"date":"2024-01-16T17:34:09","date_gmt":"2024-01-16T17:34:09","guid":{"rendered":"http:\/\/staging.ibermusicas.org\/?p=17738"},"modified":"2024-02-28T22:11:30","modified_gmt":"2024-02-28T22:11:30","slug":"barto-do-chapito-de-lisboa-portugal-apresenta-o-encontro-de-bambas","status":"publish","type":"post","link":"http:\/\/staging.ibermusicas.org\/index.php\/barto-do-chapito-de-lisboa-portugal-apresenta-o-encontro-de-bambas\/","title":{"rendered":"Bart\u00f4 do Chapit\u00f4 de Lisboa, Portugal apresenta o Encontro de Bambas"},"content":{"rendered":"<p dir=\"ltr\">O Bar do Chapit\u00f4 \u00e9 um espa\u00e7o aberto \u00e0s artes, com uma programa\u00e7\u00e3o variada ao longo da semana. O grande destaque s\u00e3o os momentos de m\u00fasica ao vivo de regularidade semanal, onde se pode desfrutar de samba, fado, jazz, do clube de choro, entre tantos outros estilos e g\u00e9neros. H\u00e1 espa\u00e7o ainda para ciclos de cinema, projec\u00e7\u00f5es de v\u00eddeo, espect\u00e1culos de teatro e de dan\u00e7a, confer\u00eancias e debates sobre temas da actualidade.<\/p>\n<p dir=\"ltr\">O Bart\u00f4 \u00e9 tamb\u00e9m um espa\u00e7o privilegiado para tert\u00falias, lan\u00e7amentos de livros e projectos editoriais, exposi\u00e7\u00f5es e instala\u00e7\u00f5es. Em suma, \u00e9 um espa\u00e7o aberto \u00e0s artes: m\u00fasica, cinema, v\u00eddeo, teatro, dan\u00e7a, confer\u00eancias e debates!<\/p>\n<p dir=\"ltr\">No marco das \u201cQuartas de Samba\u201d apresenta seu \u201cEncontro de Bambas\u201d com Bruno Pereira, Nem\u00e9m do Chal\u00e9, Luiz Castelo e Tercio Borges.<\/p>\n<p dir=\"ltr\">Bart\u00f4 do Chapit\u00f4 \u00e9 uma das propostas vencedoras do Concurso Especial Brasil Iberm\u00fasicas 2023.<\/p>\n<ul>\n<li dir=\"ltr\">\n<p dir=\"ltr\" role=\"presentation\">Quarta-feira 17 de janeiro, Costa do Castelo 7, 1149-079 Lisboa, Portugal<\/p>\n<\/li>\n<\/ul>\n","protected":false},"excerpt":{"rendered":"<p>O Bar do Chapit\u00f4 \u00e9 um espa\u00e7o aberto \u00e0s artes, com uma programa\u00e7\u00e3o variada ao longo da semana. O grande destaque s\u00e3o os momentos de m\u00fasica ao vivo de regularidade semanal, onde se pode desfrutar de samba, fado, jazz, do clube de choro, entre tantos outros estilos e g\u00e9neros. H\u00e1 espa\u00e7o ainda para ciclos de [&hellip;]<\/p>\n","protected":false},"author":7,"featured_media":18072,"comment_status":"closed","ping_status":"closed","sticky":false,"template":"","format":"standard","meta":{"footnotes":""},"categories":[218],"tags":[],"class_list":["post-17738","post","type-post","status-publish","format-standard","has-post-thumbnail","hentry","category-noticias-generales-pt"],"lang":"pt","translations":{"pt":17738},"pll_sync_post":[],"post_mailing_queue_ids":[],"_links":{"self":[{"href":"http:\/\/staging.ibermusicas.org\/index.php\/wp-json\/wp\/v2\/posts\/17738","targetHints":{"allow":["GET"]}}],"collection":[{"href":"http:\/\/staging.ibermusicas.org\/index.php\/wp-json\/wp\/v2\/posts"}],"about":[{"href":"http:\/\/staging.ibermusicas.org\/index.php\/wp-json\/wp\/v2\/types\/post"}],"author":[{"embeddable":true,"href":"http:\/\/staging.ibermusicas.org\/index.php\/wp-json\/wp\/v2\/users\/7"}],"replies":[{"embeddable":true,"href":"http:\/\/staging.ibermusicas.org\/index.php\/wp-json\/wp\/v2\/comments?post=17738"}],"version-history":[{"count":2,"href":"http:\/\/staging.ibermusicas.org\/index.php\/wp-json\/wp\/v2\/posts\/17738\/revisions"}],"predecessor-version":[{"id":18073,"href":"http:\/\/staging.ibermusicas.org\/index.php\/wp-json\/wp\/v2\/posts\/17738\/revisions\/18073"}],"wp:featuredmedia":[{"embeddable":true,"href":"http:\/\/staging.ibermusicas.org\/index.php\/wp-json\/wp\/v2\/media\/18072"}],"wp:attachment":[{"href":"http:\/\/staging.ibermusicas.org\/index.php\/wp-json\/wp\/v2\/media?parent=17738"}],"wp:term":[{"taxonomy":"category","embeddable":true,"href":"http:\/\/staging.ibermusicas.org\/index.php\/wp-json\/wp\/v2\/categories?post=17738"},{"taxonomy":"post_tag","embeddable":true,"href":"http:\/\/staging.ibermusicas.org\/index.php\/wp-json\/wp\/v2\/tags?post=17738"}],"curies":[{"name":"wp","href":"https:\/\/api.w.org\/{rel}","templated":true}]}}