{"id":17786,"date":"2024-01-25T19:09:54","date_gmt":"2024-01-25T19:09:54","guid":{"rendered":"http:\/\/staging.ibermusicas.org\/?p=17786"},"modified":"2024-03-11T17:35:24","modified_gmt":"2024-03-11T17:35:24","slug":"convocatoria-especial-chile-micsur-ibermusicas","status":"publish","type":"post","link":"http:\/\/staging.ibermusicas.org\/index.php\/convocatoria-especial-chile-micsur-ibermusicas\/","title":{"rendered":"Convocatoria especial Chile &#8211; MICSUR &#8211; Iberm\u00fasicas"},"content":{"rendered":"<p>Con el \u00e1nimo de celebrar la Cooperaci\u00f3n Cultural Iberoamericana en el marco del Encuentro Internacional de las Econom\u00edas Creativas MICSUR 2024 a realizarse en la ciudad de Santiago de Chile entre el 17 al 20 de abril, Iberm\u00fasicas junto al Ministerio de las Artes, las Culturas y el Patrimonio de Chile proponen la siguiente convocatoria tendiente a potenciar el encuentro art\u00edstico entre artistas musicales de los nueve pa\u00edses que hacen parte de este encuentro: Argentina, Brasil, Bolivia, Chile, Colombia, Ecuador, Paraguay, Per\u00fa o Uruguay.<\/p>\n<p>Se invita a presentar propuestas por parte de agrupaciones chilenas que convoquen a colaborar a artistas de algunos de los pa\u00edses participantes del MICSUR para la realizaci\u00f3n de intervenciones musicales a lo largo de las jornadas de dicho evento y un concierto en el cierre. Se seleccionar\u00e1 una sola propuesta en esta convocatoria.<\/p>\n<p>Dicha propuesta art\u00edstica deber\u00e1 contar con la colaboraci\u00f3n de dos o m\u00e1s artistas invitadas\/os -solistas o agrupaciones &#8211; de distinta nacionalidad que pertenezcan a algunos de los pa\u00edses co-participantes del evento: Argentina, Brasil, Bolivia, Colombia, Ecuador, Paraguay, Per\u00fa o Uruguay.<\/p>\n<p>Las solicitudes de inscripci\u00f3n podr\u00e1n presentarse desde el 1ero de febrero de 2024 al 29 de febrero del 2024.<\/p>\n<p>El anuncio del proyecto seleccionado se realizar\u00e1 el 11 de marzo de 2024 en la web de Iberm\u00fasicas.<\/p>\n<p>El importe total del apoyo concedido ser\u00e1 de 10.000 USD (diez mil d\u00f3lares).<\/p>\n<p>La propuesta seleccionada deber\u00e1 llevar al escenario un espect\u00e1culo en el cual se manifieste de forma art\u00edstica el principio rector del Programa Iberm\u00fasicas que es la cooperaci\u00f3n cultural iberoamericana.<\/p>\n<p>Ver bases\u00a0<a href=\"http:\/\/staging.ibermusicas.org\/index.php\/convocatorias\" target=\"_blank\" rel=\"noopener\" data-saferedirecturl=\"https:\/\/www.google.com\/url?q=http:\/\/staging.ibermusicas.org\/index.php\/convocatorias&amp;source=gmail&amp;ust=1706295961708000&amp;usg=AOvVaw22Wdyf8idQVhfMMexk27_5\"><strong>aqu\u00ed<\/strong><\/a><\/p>\n","protected":false},"excerpt":{"rendered":"<p>Con el \u00e1nimo de celebrar la Cooperaci\u00f3n Cultural Iberoamericana en el marco del Encuentro Internacional de las Econom\u00edas Creativas MICSUR 2024 a realizarse en la ciudad de Santiago de Chile entre el 17 al 20 de abril, Iberm\u00fasicas junto al Ministerio de las Artes, las Culturas y el Patrimonio de Chile proponen la siguiente convocatoria [&hellip;]<\/p>\n","protected":false},"author":7,"featured_media":17787,"comment_status":"closed","ping_status":"closed","sticky":false,"template":"","format":"standard","meta":{"footnotes":""},"categories":[53],"tags":[],"class_list":["post-17786","post","type-post","status-publish","format-standard","has-post-thumbnail","hentry","category-noticias-generales"],"lang":"es","translations":{"es":17786},"pll_sync_post":[],"post_mailing_queue_ids":[],"_links":{"self":[{"href":"http:\/\/staging.ibermusicas.org\/index.php\/wp-json\/wp\/v2\/posts\/17786","targetHints":{"allow":["GET"]}}],"collection":[{"href":"http:\/\/staging.ibermusicas.org\/index.php\/wp-json\/wp\/v2\/posts"}],"about":[{"href":"http:\/\/staging.ibermusicas.org\/index.php\/wp-json\/wp\/v2\/types\/post"}],"author":[{"embeddable":true,"href":"http:\/\/staging.ibermusicas.org\/index.php\/wp-json\/wp\/v2\/users\/7"}],"replies":[{"embeddable":true,"href":"http:\/\/staging.ibermusicas.org\/index.php\/wp-json\/wp\/v2\/comments?post=17786"}],"version-history":[{"count":1,"href":"http:\/\/staging.ibermusicas.org\/index.php\/wp-json\/wp\/v2\/posts\/17786\/revisions"}],"predecessor-version":[{"id":17788,"href":"http:\/\/staging.ibermusicas.org\/index.php\/wp-json\/wp\/v2\/posts\/17786\/revisions\/17788"}],"wp:featuredmedia":[{"embeddable":true,"href":"http:\/\/staging.ibermusicas.org\/index.php\/wp-json\/wp\/v2\/media\/17787"}],"wp:attachment":[{"href":"http:\/\/staging.ibermusicas.org\/index.php\/wp-json\/wp\/v2\/media?parent=17786"}],"wp:term":[{"taxonomy":"category","embeddable":true,"href":"http:\/\/staging.ibermusicas.org\/index.php\/wp-json\/wp\/v2\/categories?post=17786"},{"taxonomy":"post_tag","embeddable":true,"href":"http:\/\/staging.ibermusicas.org\/index.php\/wp-json\/wp\/v2\/tags?post=17786"}],"curies":[{"name":"wp","href":"https:\/\/api.w.org\/{rel}","templated":true}]}}