{"id":17789,"date":"2024-01-25T16:12:59","date_gmt":"2024-01-25T16:12:59","guid":{"rendered":"http:\/\/staging.ibermusicas.org\/?p=17789"},"modified":"2024-03-11T17:35:46","modified_gmt":"2024-03-11T17:35:46","slug":"chamada-especial-chile-micsur-ibermusicas-2","status":"publish","type":"post","link":"http:\/\/staging.ibermusicas.org\/index.php\/chamada-especial-chile-micsur-ibermusicas-2\/","title":{"rendered":"Chamada especial Chile &#8211; MICSUR &#8211; Iberm\u00fasicas"},"content":{"rendered":"<p>Com o objetivo de celebrar a Coopera\u00e7\u00e3o Cultural Ibero-Americana no \u00e2mbito do Encontro Internacional de Economias Criativas MICSUR 2024, que ter\u00e1 lugar na cidade de Santiago do Chile de 17 a 20 de abril, o Iberm\u00fasicas, juntamente com o Minist\u00e9rio das Artes, Cultura e Patrim\u00f3nio do Chile, prop\u00f5e a seguinte convocat\u00f3ria para promover encontros art\u00edsticos entre artistas musicais dos nove pa\u00edses participantes neste encontro: Argentina, Brasil, Bol\u00edvia, Chile, Col\u00f4mbia, Equador, Paraguai, Peru e Uruguai.<\/p>\n<p>Os grupos chilenos s\u00e3o convidados a apresentar propostas solicitando a colabora\u00e7\u00e3o de artistas de alguns dos pa\u00edses participantes no MICSUR para realizar interven\u00e7\u00f5es musicais ao longo dos dias do evento e um concerto de encerramento. Apenas uma proposta ser\u00e1 selecionada nesta convocat\u00f3ria.<\/p>\n<p>Esta proposta art\u00edstica deve incluir a colabora\u00e7\u00e3o de dois ou mais artistas convidados &#8211; solistas ou grupos &#8211; de diferentes nacionalidades de alguns dos pa\u00edses co-participantes no evento: Argentina, Brasil, Bol\u00edvia, Col\u00f4mbia, Equador, Paraguai, Peru ou Uruguai.<\/p>\n<p>As candidaturas podem ser apresentadas de 1 de fevereiro de 2024 a 29 de fevereiro de 2024.<\/p>\n<p>O an\u00fancio do projeto selecionado ser\u00e1 feito a 11 de mar\u00e7o de 2024 no s\u00edtio web do Iberm\u00fasicas.<\/p>\n<p>O montante total da subven\u00e7\u00e3o ser\u00e1 de 10.000 USD (dez mil d\u00f3lares).<\/p>\n<p>Ver as bases\u00a0<a href=\"http:\/\/staging.ibermusicas.org\/index.php\/convocatorias-pt\" target=\"_blank\" rel=\"noopener\" data-saferedirecturl=\"https:\/\/www.google.com\/url?q=http:\/\/staging.ibermusicas.org\/index.php\/convocatorias-pt&amp;source=gmail&amp;ust=1706295961708000&amp;usg=AOvVaw36nwtdkNZr8vZTepzlfkgs\"><strong>aqui<\/strong><\/a><\/p>\n","protected":false},"excerpt":{"rendered":"<p>Com o objetivo de celebrar a Coopera\u00e7\u00e3o Cultural Ibero-Americana no \u00e2mbito do Encontro Internacional de Economias Criativas MICSUR 2024, que ter\u00e1 lugar na cidade de Santiago do Chile de 17 a 20 de abril, o Iberm\u00fasicas, juntamente com o Minist\u00e9rio das Artes, Cultura e Patrim\u00f3nio do Chile, prop\u00f5e a seguinte convocat\u00f3ria para promover encontros art\u00edsticos [&hellip;]<\/p>\n","protected":false},"author":7,"featured_media":17909,"comment_status":"closed","ping_status":"closed","sticky":false,"template":"","format":"standard","meta":{"footnotes":""},"categories":[218],"tags":[],"class_list":["post-17789","post","type-post","status-publish","format-standard","has-post-thumbnail","hentry","category-noticias-generales-pt"],"lang":"pt","translations":{"pt":17789},"pll_sync_post":[],"post_mailing_queue_ids":[],"_links":{"self":[{"href":"http:\/\/staging.ibermusicas.org\/index.php\/wp-json\/wp\/v2\/posts\/17789","targetHints":{"allow":["GET"]}}],"collection":[{"href":"http:\/\/staging.ibermusicas.org\/index.php\/wp-json\/wp\/v2\/posts"}],"about":[{"href":"http:\/\/staging.ibermusicas.org\/index.php\/wp-json\/wp\/v2\/types\/post"}],"author":[{"embeddable":true,"href":"http:\/\/staging.ibermusicas.org\/index.php\/wp-json\/wp\/v2\/users\/7"}],"replies":[{"embeddable":true,"href":"http:\/\/staging.ibermusicas.org\/index.php\/wp-json\/wp\/v2\/comments?post=17789"}],"version-history":[{"count":1,"href":"http:\/\/staging.ibermusicas.org\/index.php\/wp-json\/wp\/v2\/posts\/17789\/revisions"}],"predecessor-version":[{"id":17790,"href":"http:\/\/staging.ibermusicas.org\/index.php\/wp-json\/wp\/v2\/posts\/17789\/revisions\/17790"}],"wp:featuredmedia":[{"embeddable":true,"href":"http:\/\/staging.ibermusicas.org\/index.php\/wp-json\/wp\/v2\/media\/17909"}],"wp:attachment":[{"href":"http:\/\/staging.ibermusicas.org\/index.php\/wp-json\/wp\/v2\/media?parent=17789"}],"wp:term":[{"taxonomy":"category","embeddable":true,"href":"http:\/\/staging.ibermusicas.org\/index.php\/wp-json\/wp\/v2\/categories?post=17789"},{"taxonomy":"post_tag","embeddable":true,"href":"http:\/\/staging.ibermusicas.org\/index.php\/wp-json\/wp\/v2\/tags?post=17789"}],"curies":[{"name":"wp","href":"https:\/\/api.w.org\/{rel}","templated":true}]}}