{"id":17825,"date":"2024-01-30T20:19:57","date_gmt":"2024-01-30T20:19:57","guid":{"rendered":"http:\/\/staging.ibermusicas.org\/?p=17825"},"modified":"2024-02-02T12:44:50","modified_gmt":"2024-02-02T12:44:50","slug":"ibermusicas-anuncia-los-proyectos-de-ecuador-ganadores-de-las-convocatorias-2023","status":"publish","type":"post","link":"http:\/\/staging.ibermusicas.org\/index.php\/ibermusicas-anuncia-los-proyectos-de-ecuador-ganadores-de-las-convocatorias-2023\/","title":{"rendered":"Iberm\u00fasicas anuncia los proyectos de Ecuador ganadores de las convocatorias 2023"},"content":{"rendered":"<p>Iberm\u00fasicas se complace en anunciar los nombres de los proyectos ganadores de las convocatorias 2023 que no pudieron ser oportunamente publicados.<\/p>\n<p>&nbsp;<\/p>\n<p>Consultar ganadores aqu\u00ed: <a href=\"http:\/\/staging.ibermusicas.org\/index.php\/seleccionados-2023\/\">http:\/\/staging.ibermusicas.org\/index.php\/seleccionados-2023\/<\/a><\/p>\n<p>Con el anuncio de las propuestas seleccionadas, al igual que lo venimos haciendo desde hace 11 a\u00f1os, damos cierre a un ciclo de intenso e ininterrumpido trabajo y damos inicio a un nuevo ciclo reafirmando nuestro compromiso de dinamizar el espacio musical de toda la regi\u00f3n Iberoamericana mediante pol\u00edticas p\u00fablicas de fomento y apoyo a la actividad profesional de las y los artistas musicales.<\/p>\n<p>Los proyectos seleccionados han sido elegidos de entre 1402 propuestas recibidas. La gran mayor\u00eda de estos implica la cooperaci\u00f3n con otros pa\u00edses de la regi\u00f3n y fortalece el cont\u00ednuo crecimiento de una red de v\u00ednculos continental y transatl\u00e1ntica para la promoci\u00f3n de la circulaci\u00f3n, la creaci\u00f3n, la colaboraci\u00f3n, el intercambio de saberes y buenas pr\u00e1cticas y especialmente, el desarrollo de nuevos p\u00fablicos y mercados. Se trata de una uni\u00f3n que genera mayor desarrollo y proyecci\u00f3n a todo el sector musical iberoamericano y abre nuevos y cada vez m\u00e1s amplios horizontes.<\/p>\n<p>Este a\u00f1o hemos incorporado una gran novedad: la posibilidad de presentar propuestas con destinos en cualquier parte del mundo, m\u00e1s all\u00e1 de la regi\u00f3n Iberoamericana.<\/p>\n<p>Los proyectos han sido elegidos tras un riguroso proceso de evaluaci\u00f3n, calificaci\u00f3n y selecci\u00f3n llevado a cabo por jurados especialmente designados por cada uno de los pa\u00edses que integran el Programa Iberm\u00fasicas.<\/p>\n<p>Han sido jurados por Ecuador en esta edici\u00f3n:<\/p>\n<ul>\n<li>Bernarda Ubidia Calisto<\/li>\n<li>Santiago Mora<\/li>\n<li>David Acosta<\/li>\n<\/ul>\n<p>&nbsp;<\/p>\n<p>Invitamos a todo el sector musical de nuestros pa\u00edses a seguir presentando propuestas en nuestros concursos. La enorme cantidad de proyectos recibidos hace imposible la premiaci\u00f3n de todas las propuestas, pero siempre hay nuevas oportunidades con cada nuevo llamado a concurso.<\/p>\n","protected":false},"excerpt":{"rendered":"<p>Iberm\u00fasicas se complace en anunciar los nombres de los proyectos ganadores de las convocatorias 2023 que no pudieron ser oportunamente publicados. &nbsp; Consultar ganadores aqu\u00ed: http:\/\/staging.ibermusicas.org\/index.php\/seleccionados-2023\/ Con el anuncio de las propuestas seleccionadas, al igual que lo venimos haciendo desde hace 11 a\u00f1os, damos cierre a un ciclo de intenso e ininterrumpido trabajo y damos [&hellip;]<\/p>\n","protected":false},"author":7,"featured_media":17903,"comment_status":"closed","ping_status":"closed","sticky":false,"template":"","format":"standard","meta":{"footnotes":""},"categories":[53],"tags":[],"class_list":["post-17825","post","type-post","status-publish","format-standard","has-post-thumbnail","hentry","category-noticias-generales"],"lang":"es","translations":{"es":17825},"pll_sync_post":[],"post_mailing_queue_ids":[],"_links":{"self":[{"href":"http:\/\/staging.ibermusicas.org\/index.php\/wp-json\/wp\/v2\/posts\/17825","targetHints":{"allow":["GET"]}}],"collection":[{"href":"http:\/\/staging.ibermusicas.org\/index.php\/wp-json\/wp\/v2\/posts"}],"about":[{"href":"http:\/\/staging.ibermusicas.org\/index.php\/wp-json\/wp\/v2\/types\/post"}],"author":[{"embeddable":true,"href":"http:\/\/staging.ibermusicas.org\/index.php\/wp-json\/wp\/v2\/users\/7"}],"replies":[{"embeddable":true,"href":"http:\/\/staging.ibermusicas.org\/index.php\/wp-json\/wp\/v2\/comments?post=17825"}],"version-history":[{"count":1,"href":"http:\/\/staging.ibermusicas.org\/index.php\/wp-json\/wp\/v2\/posts\/17825\/revisions"}],"predecessor-version":[{"id":17826,"href":"http:\/\/staging.ibermusicas.org\/index.php\/wp-json\/wp\/v2\/posts\/17825\/revisions\/17826"}],"wp:featuredmedia":[{"embeddable":true,"href":"http:\/\/staging.ibermusicas.org\/index.php\/wp-json\/wp\/v2\/media\/17903"}],"wp:attachment":[{"href":"http:\/\/staging.ibermusicas.org\/index.php\/wp-json\/wp\/v2\/media?parent=17825"}],"wp:term":[{"taxonomy":"category","embeddable":true,"href":"http:\/\/staging.ibermusicas.org\/index.php\/wp-json\/wp\/v2\/categories?post=17825"},{"taxonomy":"post_tag","embeddable":true,"href":"http:\/\/staging.ibermusicas.org\/index.php\/wp-json\/wp\/v2\/tags?post=17825"}],"curies":[{"name":"wp","href":"https:\/\/api.w.org\/{rel}","templated":true}]}}