{"id":17827,"date":"2024-01-30T20:21:20","date_gmt":"2024-01-30T20:21:20","guid":{"rendered":"http:\/\/staging.ibermusicas.org\/?p=17827"},"modified":"2024-02-02T12:47:14","modified_gmt":"2024-02-02T12:47:14","slug":"ibermusicas-anuncia-os-projectos-vencedores-do-equador-dos-convites-a-apresentacao-de-propostas-de-2023","status":"publish","type":"post","link":"http:\/\/staging.ibermusicas.org\/index.php\/ibermusicas-anuncia-os-projectos-vencedores-do-equador-dos-convites-a-apresentacao-de-propostas-de-2023\/","title":{"rendered":"Iberm\u00fasicas anuncia os projectos vencedores do Equador dos convites \u00e0 apresenta\u00e7\u00e3o de propostas de 2023"},"content":{"rendered":"<p>O Programa Iberm\u00fasicas tem o prazer de anunciar os nomes dos projectos vencedores dos convites \u00e0 apresenta\u00e7\u00e3o de propostas 2023 que n\u00e3o puderam ser publicados em devido tempo.<\/p>\n<p>&nbsp;<\/p>\n<p>Consulte os vencedores aqui: <a href=\"http:\/\/staging.ibermusicas.org\/index.php\/selecionados-2023-pt\/\">http:\/\/staging.ibermusicas.org\/index.php\/selecionados-2023-pt\/<\/a><\/p>\n<p>&nbsp;<\/p>\n<p>Com o an\u00fancio das propostas seleccionadas, tal como temos vindo a fazer h\u00e1 11 anos, fechamos um ciclo de trabalho intenso e ininterrupto e iniciamos um novo ciclo reafirmando o nosso compromisso de dinamizar o espa\u00e7o musical de toda a regi\u00e3o ibero-americana atrav\u00e9s de pol\u00edticas p\u00fablicas de promo\u00e7\u00e3o e apoio \u00e0 atividade profissional dos artistas musicais.<\/p>\n<p>&nbsp;<\/p>\n<p>Os projectos seleccionados foram escolhidos de entre 1402 propostas recebidas. A grande maioria deles envolve a coopera\u00e7\u00e3o com outros pa\u00edses da regi\u00e3o e fortalece o crescimento cont\u00ednuo de uma rede de liga\u00e7\u00f5es continentais e transatl\u00e2nticas para a promo\u00e7\u00e3o da circula\u00e7\u00e3o, cria\u00e7\u00e3o, colabora\u00e7\u00e3o, interc\u00e2mbio de conhecimentos e boas pr\u00e1ticas e, especialmente, o desenvolvimento de novos p\u00fablicos e mercados. \u00c9 uma uni\u00e3o que gera maior desenvolvimento e proje\u00e7\u00e3o para todo o sector musical ibero-americano e abre novos e cada vez mais amplos horizontes.<\/p>\n<p>&nbsp;<\/p>\n<p>Este ano incorporamos uma grande novidade: a possibilidade de apresentar propostas com destinos em qualquer parte do mundo, para al\u00e9m da regi\u00e3o ibero-americana<\/p>\n<p>.<\/p>\n<p>Os projetos foram escolhidos ap\u00f3s um rigoroso processo de avalia\u00e7\u00e3o, qualifica\u00e7\u00e3o e sele\u00e7\u00e3o levado a cabo por j\u00faris especialmente nomeados por cada um dos pa\u00edses que integram o Programa Iberm\u00fasicas.<\/p>\n<p>&nbsp;<\/p>\n<p>Os jurados do Equador nesta edi\u00e7\u00e3o foram:<\/p>\n<p>&nbsp;<\/p>\n<ul>\n<li>Bernarda Ubidia Calisto<\/li>\n<li>Santiago Mora<\/li>\n<li>David Acosta<\/li>\n<\/ul>\n<p>&nbsp;<\/p>\n<p>Convidamos todo o sector musical dos nossos pa\u00edses a continuar a apresentar propostas nos nossos concursos. A enorme quantidade de projetos recebidos faz com que seja imposs\u00edvel premiar todas as propostas, mas h\u00e1 sempre novas oportunidades a cada novo convite \u00e0 apresenta\u00e7\u00e3o para os nossos editais.<\/p>\n","protected":false},"excerpt":{"rendered":"<p>O Programa Iberm\u00fasicas tem o prazer de anunciar os nomes dos projectos vencedores dos convites \u00e0 apresenta\u00e7\u00e3o de propostas 2023 que n\u00e3o puderam ser publicados em devido tempo. &nbsp; Consulte os vencedores aqui: http:\/\/staging.ibermusicas.org\/index.php\/selecionados-2023-pt\/ &nbsp; Com o an\u00fancio das propostas seleccionadas, tal como temos vindo a fazer h\u00e1 11 anos, fechamos um ciclo de trabalho [&hellip;]<\/p>\n","protected":false},"author":7,"featured_media":17903,"comment_status":"closed","ping_status":"closed","sticky":false,"template":"","format":"standard","meta":{"footnotes":""},"categories":[218],"tags":[],"class_list":["post-17827","post","type-post","status-publish","format-standard","has-post-thumbnail","hentry","category-noticias-generales-pt"],"lang":"pt","translations":{"pt":17827},"pll_sync_post":[],"post_mailing_queue_ids":[],"_links":{"self":[{"href":"http:\/\/staging.ibermusicas.org\/index.php\/wp-json\/wp\/v2\/posts\/17827","targetHints":{"allow":["GET"]}}],"collection":[{"href":"http:\/\/staging.ibermusicas.org\/index.php\/wp-json\/wp\/v2\/posts"}],"about":[{"href":"http:\/\/staging.ibermusicas.org\/index.php\/wp-json\/wp\/v2\/types\/post"}],"author":[{"embeddable":true,"href":"http:\/\/staging.ibermusicas.org\/index.php\/wp-json\/wp\/v2\/users\/7"}],"replies":[{"embeddable":true,"href":"http:\/\/staging.ibermusicas.org\/index.php\/wp-json\/wp\/v2\/comments?post=17827"}],"version-history":[{"count":1,"href":"http:\/\/staging.ibermusicas.org\/index.php\/wp-json\/wp\/v2\/posts\/17827\/revisions"}],"predecessor-version":[{"id":17828,"href":"http:\/\/staging.ibermusicas.org\/index.php\/wp-json\/wp\/v2\/posts\/17827\/revisions\/17828"}],"wp:featuredmedia":[{"embeddable":true,"href":"http:\/\/staging.ibermusicas.org\/index.php\/wp-json\/wp\/v2\/media\/17903"}],"wp:attachment":[{"href":"http:\/\/staging.ibermusicas.org\/index.php\/wp-json\/wp\/v2\/media?parent=17827"}],"wp:term":[{"taxonomy":"category","embeddable":true,"href":"http:\/\/staging.ibermusicas.org\/index.php\/wp-json\/wp\/v2\/categories?post=17827"},{"taxonomy":"post_tag","embeddable":true,"href":"http:\/\/staging.ibermusicas.org\/index.php\/wp-json\/wp\/v2\/tags?post=17827"}],"curies":[{"name":"wp","href":"https:\/\/api.w.org\/{rel}","templated":true}]}}