{"id":17829,"date":"2024-01-30T20:22:25","date_gmt":"2024-01-30T20:22:25","guid":{"rendered":"http:\/\/staging.ibermusicas.org\/?p=17829"},"modified":"2024-02-28T22:15:29","modified_gmt":"2024-02-28T22:15:29","slug":"ibermusicas-potencia-las-giras-de-los-proyectos-2024","status":"publish","type":"post","link":"http:\/\/staging.ibermusicas.org\/index.php\/ibermusicas-potencia-las-giras-de-los-proyectos-2024\/","title":{"rendered":"Iberm\u00fasicas potencia las giras de los proyectos 2024"},"content":{"rendered":"<p>Desde el Programa Iberm\u00fasicas hemos comenzado a trabajar en una nueva l\u00ednea de acci\u00f3n para potenciar los proyectos seleccionados de las convocatorias del Programa.<\/p>\n<p>&nbsp;<\/p>\n<p>Nuestra intenci\u00f3n es acercar a diversas instituciones, casas de conciertos, festivales, programadores, entre otros, informaci\u00f3n detallada sobre los proyectos seleccionados de las convocatorias de Iberm\u00fasicas que estar\u00e1n realizando actividades en distintos lugares del mundo para enriquecer la programaci\u00f3n internacional de los diversos espacios culturales. De este modo, las instituciones anfitrionas podr\u00e1n contar con programaci\u00f3n internacional de primer nivel aprovechando las giras de las y los artistas apoyados por Iberm\u00fasicas. A la vez, nuestras y nuestros beneficiarios pueden ver enriquecidas sus giras con una mayor cantidad de presentaciones.<\/p>\n<p>&nbsp;<\/p>\n<p>Adem\u00e1s de un mailing especializado que se ha venido implementando, Iberm\u00fasicas pone a disposici\u00f3n del p\u00fablico el listado detallado de todos los proyectos que realizar\u00e1n actividades durante el a\u00f1o 2024 aqu\u00ed:\u00a0 http:\/\/staging.ibermusicas.org\/index.php\/seleccionados-2023\/<\/p>\n<p>&nbsp;<\/p>\n<p>Se puede obtener m\u00e1s informaci\u00f3n conect\u00e1ndose en forma directa con la Unidad T\u00e9cnica Iberm\u00fasicas: fernando@staging.ibermusicas.org<\/p>\n","protected":false},"excerpt":{"rendered":"<p>Desde el Programa Iberm\u00fasicas hemos comenzado a trabajar en una nueva l\u00ednea de acci\u00f3n para potenciar los proyectos seleccionados de las convocatorias del Programa. &nbsp; Nuestra intenci\u00f3n es acercar a diversas instituciones, casas de conciertos, festivales, programadores, entre otros, informaci\u00f3n detallada sobre los proyectos seleccionados de las convocatorias de Iberm\u00fasicas que estar\u00e1n realizando actividades en [&hellip;]<\/p>\n","protected":false},"author":7,"featured_media":18074,"comment_status":"closed","ping_status":"closed","sticky":false,"template":"","format":"standard","meta":{"footnotes":""},"categories":[53],"tags":[],"class_list":["post-17829","post","type-post","status-publish","format-standard","has-post-thumbnail","hentry","category-noticias-generales"],"lang":"es","translations":{"es":17829},"pll_sync_post":[],"post_mailing_queue_ids":[],"_links":{"self":[{"href":"http:\/\/staging.ibermusicas.org\/index.php\/wp-json\/wp\/v2\/posts\/17829","targetHints":{"allow":["GET"]}}],"collection":[{"href":"http:\/\/staging.ibermusicas.org\/index.php\/wp-json\/wp\/v2\/posts"}],"about":[{"href":"http:\/\/staging.ibermusicas.org\/index.php\/wp-json\/wp\/v2\/types\/post"}],"author":[{"embeddable":true,"href":"http:\/\/staging.ibermusicas.org\/index.php\/wp-json\/wp\/v2\/users\/7"}],"replies":[{"embeddable":true,"href":"http:\/\/staging.ibermusicas.org\/index.php\/wp-json\/wp\/v2\/comments?post=17829"}],"version-history":[{"count":1,"href":"http:\/\/staging.ibermusicas.org\/index.php\/wp-json\/wp\/v2\/posts\/17829\/revisions"}],"predecessor-version":[{"id":17830,"href":"http:\/\/staging.ibermusicas.org\/index.php\/wp-json\/wp\/v2\/posts\/17829\/revisions\/17830"}],"wp:featuredmedia":[{"embeddable":true,"href":"http:\/\/staging.ibermusicas.org\/index.php\/wp-json\/wp\/v2\/media\/18074"}],"wp:attachment":[{"href":"http:\/\/staging.ibermusicas.org\/index.php\/wp-json\/wp\/v2\/media?parent=17829"}],"wp:term":[{"taxonomy":"category","embeddable":true,"href":"http:\/\/staging.ibermusicas.org\/index.php\/wp-json\/wp\/v2\/categories?post=17829"},{"taxonomy":"post_tag","embeddable":true,"href":"http:\/\/staging.ibermusicas.org\/index.php\/wp-json\/wp\/v2\/tags?post=17829"}],"curies":[{"name":"wp","href":"https:\/\/api.w.org\/{rel}","templated":true}]}}