{"id":17831,"date":"2024-01-30T20:23:23","date_gmt":"2024-01-30T20:23:23","guid":{"rendered":"http:\/\/staging.ibermusicas.org\/?p=17831"},"modified":"2024-02-28T22:16:46","modified_gmt":"2024-02-28T22:16:46","slug":"ibermusicas-promove-as-tournees-dos-projectos-2024","status":"publish","type":"post","link":"http:\/\/staging.ibermusicas.org\/index.php\/ibermusicas-promove-as-tournees-dos-projectos-2024\/","title":{"rendered":"Iberm\u00fasicas promove as tourn\u00e9es dos projectos 2024"},"content":{"rendered":"<p>O Programa Iberm\u00fasicas come\u00e7ou a trabalhar numa nova linha de a\u00e7\u00e3o para promover os projectos seleccionados nas convocat\u00f3rias do Programa.<\/p>\n<p>&nbsp;<\/p>\n<p>A nossa inten\u00e7\u00e3o \u00e9 proporcionar a diversas institui\u00e7\u00f5es, casas de espet\u00e1culos, festivais, programadores, entre outros, informa\u00e7\u00e3o detalhada sobre os projetos selecionados a partir das convocat\u00f3rias do Iberm\u00fasicas que realizar\u00e3o atividades em diferentes partes do mundo para enriquecer a programa\u00e7\u00e3o internacional dos diferentes espa\u00e7os culturais. Desta forma, as institui\u00e7\u00f5es de acolhimento poder\u00e3o beneficiar de uma programa\u00e7\u00e3o internacional de primeiro n\u00edvel, aproveitando as tourn\u00e9es dos artistas apoiados pelo Iberm\u00fasicas. Ao mesmo tempo, os nossos benefici\u00e1rios poder\u00e3o ver as suas actua\u00e7\u00f5es enriquecidas com um maior n\u00famero de espect\u00e1culos.<\/p>\n<p>&nbsp;<\/p>\n<p>Para al\u00e9m de um mailing especializado que foi implementado, o Iberm\u00fasicas coloca \u00e0 disposi\u00e7\u00e3o do p\u00fablico a lista detalhada de todos os projectos que desenvolver\u00e3o actividades durante 2024 aqui: http:\/\/staging.ibermusicas.org\/index.php\/seleccionados-2023\/<\/p>\n<p>&nbsp;<\/p>\n<p>Mais informa\u00e7\u00f5es podem ser obtidas atrav\u00e9s do contacto direto com a Unidade T\u00e9cnica do Iberm\u00fasicas: fernando@staging.ibermusicas.org<\/p>\n","protected":false},"excerpt":{"rendered":"<p>O Programa Iberm\u00fasicas come\u00e7ou a trabalhar numa nova linha de a\u00e7\u00e3o para promover os projectos seleccionados nas convocat\u00f3rias do Programa. &nbsp; A nossa inten\u00e7\u00e3o \u00e9 proporcionar a diversas institui\u00e7\u00f5es, casas de espet\u00e1culos, festivais, programadores, entre outros, informa\u00e7\u00e3o detalhada sobre os projetos selecionados a partir das convocat\u00f3rias do Iberm\u00fasicas que realizar\u00e3o atividades em diferentes partes do [&hellip;]<\/p>\n","protected":false},"author":7,"featured_media":18074,"comment_status":"closed","ping_status":"closed","sticky":false,"template":"","format":"standard","meta":{"footnotes":""},"categories":[218],"tags":[],"class_list":["post-17831","post","type-post","status-publish","format-standard","has-post-thumbnail","hentry","category-noticias-generales-pt"],"lang":"pt","translations":{"pt":17831},"pll_sync_post":[],"post_mailing_queue_ids":[],"_links":{"self":[{"href":"http:\/\/staging.ibermusicas.org\/index.php\/wp-json\/wp\/v2\/posts\/17831","targetHints":{"allow":["GET"]}}],"collection":[{"href":"http:\/\/staging.ibermusicas.org\/index.php\/wp-json\/wp\/v2\/posts"}],"about":[{"href":"http:\/\/staging.ibermusicas.org\/index.php\/wp-json\/wp\/v2\/types\/post"}],"author":[{"embeddable":true,"href":"http:\/\/staging.ibermusicas.org\/index.php\/wp-json\/wp\/v2\/users\/7"}],"replies":[{"embeddable":true,"href":"http:\/\/staging.ibermusicas.org\/index.php\/wp-json\/wp\/v2\/comments?post=17831"}],"version-history":[{"count":1,"href":"http:\/\/staging.ibermusicas.org\/index.php\/wp-json\/wp\/v2\/posts\/17831\/revisions"}],"predecessor-version":[{"id":17832,"href":"http:\/\/staging.ibermusicas.org\/index.php\/wp-json\/wp\/v2\/posts\/17831\/revisions\/17832"}],"wp:featuredmedia":[{"embeddable":true,"href":"http:\/\/staging.ibermusicas.org\/index.php\/wp-json\/wp\/v2\/media\/18074"}],"wp:attachment":[{"href":"http:\/\/staging.ibermusicas.org\/index.php\/wp-json\/wp\/v2\/media?parent=17831"}],"wp:term":[{"taxonomy":"category","embeddable":true,"href":"http:\/\/staging.ibermusicas.org\/index.php\/wp-json\/wp\/v2\/categories?post=17831"},{"taxonomy":"post_tag","embeddable":true,"href":"http:\/\/staging.ibermusicas.org\/index.php\/wp-json\/wp\/v2\/tags?post=17831"}],"curies":[{"name":"wp","href":"https:\/\/api.w.org\/{rel}","templated":true}]}}