{"id":17837,"date":"2024-01-30T20:26:41","date_gmt":"2024-01-30T20:26:41","guid":{"rendered":"http:\/\/staging.ibermusicas.org\/?p=17837"},"modified":"2024-02-28T22:21:18","modified_gmt":"2024-02-28T22:21:18","slug":"compartimos-bitacora-de-resonancias-jornadas-de-nueva-musica-de-eduardo-spinelli-y-micaela-van-muylem-comp-editado-en-cordoba-argentina-por-suono-mobile-editora-3","status":"publish","type":"post","link":"http:\/\/staging.ibermusicas.org\/index.php\/compartimos-bitacora-de-resonancias-jornadas-de-nueva-musica-de-eduardo-spinelli-y-micaela-van-muylem-comp-editado-en-cordoba-argentina-por-suono-mobile-editora-3\/","title":{"rendered":"Compartimos Bit\u00e1cora de Resonancias &#8211; Jornadas de nueva m\u00fasica de Eduardo Spinelli y Micaela Van Muylem (comp.), editado en C\u00f3rdoba, Argentina por Suono Mobile editora"},"content":{"rendered":"<p>En 2022, la compositora colombiana Michele Abondano y Suono Mobile Argentina obtuvieron el \u201cPremio de composici\u00f3n y estreno de obra\u201d de Iberm\u00fasicas, con la obra Estudio t\u00edmbrico de lo ef\u00edmero y vol\u00e1til. El proyecto resonancias comprend\u00eda el estreno de dicha obra en concierto junto a obras de compositores cordobeses y la realizaci\u00f3n de diferentes actividades, en una semana dedicada a la nueva m\u00fasica. La presente bit\u00e1cora es un resumen de las jornadas, incluyendo el texto de la clase magistral dictada por Michele Abondano dentro de la c\u00e1tedra de Instrumentaci\u00f3n I del Prof. Juan Carlos Tolosa y la partitura de la obra estrenada.<\/p>\n<p>&nbsp;<\/p>\n<p>Michele Abondano es compositora, investigadora e int\u00e9rprete experimental. Su trabajo creativo se ha desarrollado en las \u00e1reas de la m\u00fasica ac\u00fastica, la m\u00fasica electroac\u00fastica, la electr\u00f3nica en vivo y los procesos colaborativos con danza. Su principal inter\u00e9s compositivo es el timbre, especialmente su condici\u00f3n multidimensional y din\u00e1mica. Recibi\u00f3 el t\u00edtulo de doctorado en composici\u00f3n, PhD, de la Universidad de Leeds en donde realiz\u00f3 su investigaci\u00f3n gracias a la AHC Doctoral Research Scholarship.<\/p>\n<p>&nbsp;<\/p>\n<p>Suono Mobile Argentina nace en C\u00f3rdoba en 2005 y pertenece a Suono Mobile &#8211; Iniciativa para Nueva M\u00fasica (Alemania). Suono Mobile Argentina est\u00e1 integrado por int\u00e9rpretes y compositores cuyos roles se entrelazan para que todes participen de modos flexibles en el proceso art\u00edstico. As\u00ed, se producen obras desde y para el colectivo y se exceden los instrumentos tradicionales a trav\u00e9s de la incorporaci\u00f3n de nuevos medios e instrumentos ad hoc. Adem\u00e1s, se trabaja con el repertorio contempor\u00e1neo de c\u00e1mara y con otras compositoras y otros compositores del medio local, generando de esta forma obras que interpelan la actualidad de C\u00f3rdoba en particular y Argentina en general.<\/p>\n<p>&nbsp;<\/p>\n<p>La producci\u00f3n del colectivo se enfoca en las potencialidades y perspectivas de la m\u00fasica desde el serialismo. Se trata de asumir esa cesura hist\u00f3rica, y los m\u00faltiples modos de tramitar el salto cualitativo que se produce en la tradici\u00f3n de la m\u00fasica de concierto: desde el trabajo con el sonido y la autonom\u00eda de la m\u00fasica hasta la condici\u00f3n posconceptual que problematiza la historicidad de la m\u00fasica, las fronteras con las otras artes y la relaci\u00f3n con la praxis vital, asuntos ineludibles en la producci\u00f3n de los \u00faltimos veinte a\u00f1os.<\/p>\n<p>&nbsp;<\/p>\n<p>Este trabajo, junto a otros de similares caracter\u00edsticas pueden encontrarse en el Cat\u00e1logo de Investigaci\u00f3n Musical de Iberm\u00fasicas para su libre descarga y utilizaci\u00f3n por todos aquellos interesados.<\/p>\n","protected":false},"excerpt":{"rendered":"<p>En 2022, la compositora colombiana Michele Abondano y Suono Mobile Argentina obtuvieron el \u201cPremio de composici\u00f3n y estreno de obra\u201d de Iberm\u00fasicas, con la obra Estudio t\u00edmbrico de lo ef\u00edmero y vol\u00e1til. El proyecto resonancias comprend\u00eda el estreno de dicha obra en concierto junto a obras de compositores cordobeses y la realizaci\u00f3n de diferentes actividades, [&hellip;]<\/p>\n","protected":false},"author":7,"featured_media":17981,"comment_status":"closed","ping_status":"closed","sticky":false,"template":"","format":"standard","meta":{"footnotes":""},"categories":[53],"tags":[],"class_list":["post-17837","post","type-post","status-publish","format-standard","has-post-thumbnail","hentry","category-noticias-generales"],"lang":"es","translations":{"es":17837},"pll_sync_post":[],"post_mailing_queue_ids":[],"_links":{"self":[{"href":"http:\/\/staging.ibermusicas.org\/index.php\/wp-json\/wp\/v2\/posts\/17837","targetHints":{"allow":["GET"]}}],"collection":[{"href":"http:\/\/staging.ibermusicas.org\/index.php\/wp-json\/wp\/v2\/posts"}],"about":[{"href":"http:\/\/staging.ibermusicas.org\/index.php\/wp-json\/wp\/v2\/types\/post"}],"author":[{"embeddable":true,"href":"http:\/\/staging.ibermusicas.org\/index.php\/wp-json\/wp\/v2\/users\/7"}],"replies":[{"embeddable":true,"href":"http:\/\/staging.ibermusicas.org\/index.php\/wp-json\/wp\/v2\/comments?post=17837"}],"version-history":[{"count":1,"href":"http:\/\/staging.ibermusicas.org\/index.php\/wp-json\/wp\/v2\/posts\/17837\/revisions"}],"predecessor-version":[{"id":17838,"href":"http:\/\/staging.ibermusicas.org\/index.php\/wp-json\/wp\/v2\/posts\/17837\/revisions\/17838"}],"wp:featuredmedia":[{"embeddable":true,"href":"http:\/\/staging.ibermusicas.org\/index.php\/wp-json\/wp\/v2\/media\/17981"}],"wp:attachment":[{"href":"http:\/\/staging.ibermusicas.org\/index.php\/wp-json\/wp\/v2\/media?parent=17837"}],"wp:term":[{"taxonomy":"category","embeddable":true,"href":"http:\/\/staging.ibermusicas.org\/index.php\/wp-json\/wp\/v2\/categories?post=17837"},{"taxonomy":"post_tag","embeddable":true,"href":"http:\/\/staging.ibermusicas.org\/index.php\/wp-json\/wp\/v2\/tags?post=17837"}],"curies":[{"name":"wp","href":"https:\/\/api.w.org\/{rel}","templated":true}]}}