{"id":17843,"date":"2024-01-30T20:29:43","date_gmt":"2024-01-30T20:29:43","guid":{"rendered":"http:\/\/staging.ibermusicas.org\/?p=17843"},"modified":"2024-02-28T21:43:44","modified_gmt":"2024-02-28T21:43:44","slug":"partilhamos-novos-ritmos-novos-compassos-para-a-comunidade-musical-o-resultado-do-trabalho-de-julian-sanz-escalona-durante-a-sua-residencia-no-cmmas","status":"publish","type":"post","link":"http:\/\/staging.ibermusicas.org\/index.php\/partilhamos-novos-ritmos-novos-compassos-para-a-comunidade-musical-o-resultado-do-trabalho-de-julian-sanz-escalona-durante-a-sua-residencia-no-cmmas\/","title":{"rendered":"Partilhamos \u00abNovos Ritmos, Novos Compassos para a Comunidade Musical\u00bb, o resultado do trabalho de Juli\u00e1n Sanz Escalona durante a sua Resid\u00eancia no CMMAS"},"content":{"rendered":"<p>De todos os elementos que comp\u00f5em a m\u00fasica, o ritmo \u00e9 talvez aquele que mais desvenda a natureza do tempo, pois marca firmemente a sua passagem; embora, paradoxalmente, como comentou o antrop\u00f3logo Levi Strauss, seja tamb\u00e9m \u00abuma m\u00e1quina para abolir o tempo\u00bb. Por outro lado, \u00e9 provavelmente o elemento musical mais antigo da humanidade, uma vez que a sua natureza sugere que foi composto em primeiro lugar. Sabe-se que os nossos primos chimpanz\u00e9s s\u00e3o capazes de tocar ritmos em grupo para se divertirem. Por \u00faltimo, mas n\u00e3o menos importante, podemos comentar que os ritmos s\u00e3o uma refer\u00eancia cultural dos povos, pois suas estruturas s\u00e3o geralmente muito caracter\u00edsticas em cada regi\u00e3o.<\/p>\n<p>&nbsp;<\/p>\n<p>Nestes ritmos existem semelhan\u00e7as com ritmos de flamenco, m\u00fasica b\u00falgara, rock progressivo, Stravinsky, mas em nenhum caso os ritmos correspondem a qualquer uma destas m\u00fasicas espec\u00edficas, pode-se dizer que s\u00e3o produtos da imagina\u00e7\u00e3o do autor do projeto, embora estas refer\u00eancias populares e acad\u00eamicas fa\u00e7am parte da sua forma\u00e7\u00e3o musical.<\/p>\n<p>&nbsp;<\/p>\n<p>Nestes ritmos encontramos um interessante uso da matem\u00e1tica e da irregularidade, o que os torna adequados para a composi\u00e7\u00e3o, alguns exemplos:<\/p>\n<p>&nbsp;<\/p>\n<ul>\n<li>Cria\u00e7\u00e3o de polirritmos atrav\u00e9s da fragmenta\u00e7\u00e3o ou combina\u00e7\u00e3o dos mesmos.<\/li>\n<li>Utiliza\u00e7\u00e3o em forma de c\u00e2none, para criar estruturas mais complexas que se desenvolvem no espa\u00e7o estereof\u00f3nico.<\/li>\n<li>Como germe para orquestra\u00e7\u00f5es pulsantes e din\u00e2micas contrastantes<\/li>\n<li>Como ritmo de controle de outros elementos sonoros na mistura, como o seguidor de envelope, o sidechain, etc.<\/li>\n<li>Utiliza\u00e7\u00e3o de poli t\u00edmbricas<\/li>\n<li>Utiliza\u00e7\u00e3o no dom\u00ednio da dan\u00e7a contempor\u00e2nea<\/li>\n<\/ul>\n<p>&nbsp;<\/p>\n<p>Com divis\u00f5es r\u00edtmicas em compassos 4\/4 ou, ocasionalmente, 3\/4, t\u00e3o comuns no Ocidente, poder-se-ia pensar que estes \u00abmodelos de tempo\u00bb, auxiliares de composi\u00e7\u00e3o e de execu\u00e7\u00e3o, s\u00e3o os \u00fanicos ou os mais comuns no mundo. Longe disso: em toda a extens\u00e3o deste planeta, os mais diversos ritmos e grafias associadas s\u00e3o utilizados em compassos muito diferentes. Aqui Juli\u00e1n Sanz Escalona prop\u00f5e algumas possibilidades diferentes de estrutura\u00e7\u00e3o, formaliza\u00e7\u00e3o e subdivis\u00e3o do tempo.<\/p>\n<p>&nbsp;<\/p>\n<p>Esta obra, juntamente com outras de caracter\u00edsticas semelhantes, encontra-se no Cat\u00e1logo de Investiga\u00e7\u00e3o Musical do Iberm\u00fasicas para ser descarregada e utilizada gratuitamente por todos os interessados.<\/p>\n","protected":false},"excerpt":{"rendered":"<p>De todos os elementos que comp\u00f5em a m\u00fasica, o ritmo \u00e9 talvez aquele que mais desvenda a natureza do tempo, pois marca firmemente a sua passagem; embora, paradoxalmente, como comentou o antrop\u00f3logo Levi Strauss, seja tamb\u00e9m \u00abuma m\u00e1quina para abolir o tempo\u00bb. Por outro lado, \u00e9 provavelmente o elemento musical mais antigo da humanidade, uma [&hellip;]<\/p>\n","protected":false},"author":7,"featured_media":18064,"comment_status":"closed","ping_status":"closed","sticky":false,"template":"","format":"standard","meta":{"footnotes":""},"categories":[218],"tags":[],"class_list":["post-17843","post","type-post","status-publish","format-standard","has-post-thumbnail","hentry","category-noticias-generales-pt"],"lang":"pt","translations":{"pt":17843},"pll_sync_post":[],"post_mailing_queue_ids":[],"_links":{"self":[{"href":"http:\/\/staging.ibermusicas.org\/index.php\/wp-json\/wp\/v2\/posts\/17843","targetHints":{"allow":["GET"]}}],"collection":[{"href":"http:\/\/staging.ibermusicas.org\/index.php\/wp-json\/wp\/v2\/posts"}],"about":[{"href":"http:\/\/staging.ibermusicas.org\/index.php\/wp-json\/wp\/v2\/types\/post"}],"author":[{"embeddable":true,"href":"http:\/\/staging.ibermusicas.org\/index.php\/wp-json\/wp\/v2\/users\/7"}],"replies":[{"embeddable":true,"href":"http:\/\/staging.ibermusicas.org\/index.php\/wp-json\/wp\/v2\/comments?post=17843"}],"version-history":[{"count":1,"href":"http:\/\/staging.ibermusicas.org\/index.php\/wp-json\/wp\/v2\/posts\/17843\/revisions"}],"predecessor-version":[{"id":17844,"href":"http:\/\/staging.ibermusicas.org\/index.php\/wp-json\/wp\/v2\/posts\/17843\/revisions\/17844"}],"wp:featuredmedia":[{"embeddable":true,"href":"http:\/\/staging.ibermusicas.org\/index.php\/wp-json\/wp\/v2\/media\/18064"}],"wp:attachment":[{"href":"http:\/\/staging.ibermusicas.org\/index.php\/wp-json\/wp\/v2\/media?parent=17843"}],"wp:term":[{"taxonomy":"category","embeddable":true,"href":"http:\/\/staging.ibermusicas.org\/index.php\/wp-json\/wp\/v2\/categories?post=17843"},{"taxonomy":"post_tag","embeddable":true,"href":"http:\/\/staging.ibermusicas.org\/index.php\/wp-json\/wp\/v2\/tags?post=17843"}],"curies":[{"name":"wp","href":"https:\/\/api.w.org\/{rel}","templated":true}]}}