{"id":17851,"date":"2024-01-30T20:34:46","date_gmt":"2024-01-30T20:34:46","guid":{"rendered":"http:\/\/staging.ibermusicas.org\/?p=17851"},"modified":"2024-02-28T22:37:49","modified_gmt":"2024-02-28T22:37:49","slug":"a-artista-mexicana-amanda-tovalin-apresenta-o-primeiro-single-de-seu-album-el-origen","status":"publish","type":"post","link":"http:\/\/staging.ibermusicas.org\/index.php\/a-artista-mexicana-amanda-tovalin-apresenta-o-primeiro-single-de-seu-album-el-origen\/","title":{"rendered":"A artista mexicana Amanda Tovalin apresenta o primeiro single de seu \u00e1lbum \u00abEl Origen\u00bb"},"content":{"rendered":"<p>El Origen \u00e9 o nome do quarto LP de Amanda Tovalin, inspirado em reflex\u00f5es sobre a identidade latino-americana contempor\u00e2nea. Trata-se de um projeto que ganhou uma bolsa de cria\u00e7\u00e3o do Iberm\u00fasicas e \u00e9 inspirado em reflex\u00f5es sobre a identidade latino-americana contempor\u00e2nea. Para o projeto, Amanda trabalhou com artistas musicais, visuais e sonoros do Chile, Peru, Brasil, Argentina e Col\u00f4mbia.<\/p>\n<p>&nbsp;<\/p>\n<p>Em 2 de fevereiro, ela lan\u00e7ar\u00e1 o primeiro single de seu novo projeto \u00abEl Origen\u00bb. Nesse primeiro lan\u00e7amento, Amanda apresentar\u00e1 a composi\u00e7\u00e3o \u00abDe d\u00f3nde vengo\u00bb, em colabora\u00e7\u00e3o com o cantor e compositor de Chiapas Andr\u00e9 Beltr\u00e1n e o pianista de jazz Daniel Vadillo.<\/p>\n<p>&nbsp;<\/p>\n<p>A compositora \u00e9 conhecida por experimentar e fundir poesia com elementos do jazz, o som alternativo atual e alguns g\u00eaneros da m\u00fasica latino-americana.<\/p>\n<p>&nbsp;<\/p>\n<p>Nesta ocasi\u00e3o, o tema de \u00abEl Origen\u00bb pretende conceituar, atrav\u00e9s dos arranjos e espa\u00e7os de explora\u00e7\u00e3o l\u00edrica e instrumental, uma s\u00e9rie de perguntas da artista sobre a identidade urbana latino-americana, os efeitos do colonialismo em seu pa\u00eds natal e em pa\u00edses semelhantes, bem como seus efeitos em nossos tempos.<\/p>\n<p>&nbsp;<\/p>\n<p>O lan\u00e7amento do single \u00e9 acompanhado de uma convoca\u00e7\u00e3o para que o p\u00fablico em geral se expresse e responda \u00e0 pergunta \u00abO que significa para voc\u00ea ser latino?\u00bb por meio de qualquer meio art\u00edstico e expressivo. Os trabalhos selecionados far\u00e3o parte do LP final a ser lan\u00e7ado em dezembro de 2024. A chamada para inscri\u00e7\u00f5es est\u00e1 dispon\u00edvel em <a href=\"http:\/\/www.amandatovalin.com\">www.amandatovalin.com<\/a><\/p>\n<p>&nbsp;<\/p>\n<p>Amanda Tovalin ganhou v\u00e1rias bolsas de prest\u00edgio para compositoras, como a bolsa ART OMI New York Experimental Composers in Residence Fellowship 2019 e a Women Creative Composers Fellowship na University of Vermont Fine Arts.<\/p>\n<p>Faculdade de Belas Artes de Vermont.<\/p>\n<p>&nbsp;<\/p>\n<p>Ela tem tr\u00eas \u00e1lbuns, incluindo \u00abPunto de Partida\u00bb, nomeado o n\u00famero 1 dos 10 melhores \u00e1lbuns de 2015 pela revista \u00abSin Embargo\u00bb, bem como \u00abCr\u00f3nicas\u00bb e \u00abInfinito\u00bb, que foi aclamado pela cr\u00edtica.<\/p>\n<p>&nbsp;<\/p>\n<p>Suas colabora\u00e7\u00f5es incluem artistas renomados de v\u00e1rios g\u00eaneros e estilos, como Ernesto Anaya, Alex Mercado, Iraida Noriega, Vivir Quintana, Silvana Estrada, Leiden e muitos outros. Ela faz parte do coral feminista \u00abEl Palomar\u00bb, que estreou com Mon Laferte a \u00abCanci\u00f3n sin Miedo\u00bb.<\/p>\n<p>&nbsp;<\/p>\n<p>Seus shows ao vivo foram aclamados pela energia e honestidade que ela oferece no palco, fatores que a levaram a representar o M\u00e9xico internacionalmente em turn\u00eas em pa\u00edses como Col\u00f4mbia e \u00cdndia, onde participou do New Delhi Jazz Festival.<\/p>\n<p>&nbsp;<\/p>\n<p>Com as suas actua\u00e7\u00f5es, pretende tocar a sensibilidade do p\u00fablico de modo a encorajar o seu lado mais humano e, assim, inspirar comportamentos mais positivos no mundo. A sua miss\u00e3o como criadora \u00e9 falar de sentimentos que n\u00e3o s\u00e3o normalmente abordados na m\u00fasica comercial e convidar as pessoas a sentirem-se livres para se expressarem e n\u00e3o se sentirem sozinhas nessa tentativa.<\/p>\n<p>&nbsp;<\/p>\n<ul>\n<li>A partir de 2 de fevereiro em todas as plataformas<\/li>\n<\/ul>\n","protected":false},"excerpt":{"rendered":"<p>El Origen \u00e9 o nome do quarto LP de Amanda Tovalin, inspirado em reflex\u00f5es sobre a identidade latino-americana contempor\u00e2nea. Trata-se de um projeto que ganhou uma bolsa de cria\u00e7\u00e3o do Iberm\u00fasicas e \u00e9 inspirado em reflex\u00f5es sobre a identidade latino-americana contempor\u00e2nea. Para o projeto, Amanda trabalhou com artistas musicais, visuais e sonoros do Chile, Peru, [&hellip;]<\/p>\n","protected":false},"author":7,"featured_media":18077,"comment_status":"closed","ping_status":"closed","sticky":false,"template":"","format":"standard","meta":{"footnotes":""},"categories":[218],"tags":[],"class_list":["post-17851","post","type-post","status-publish","format-standard","has-post-thumbnail","hentry","category-noticias-generales-pt"],"lang":"pt","translations":{"pt":17851},"pll_sync_post":[],"post_mailing_queue_ids":[],"_links":{"self":[{"href":"http:\/\/staging.ibermusicas.org\/index.php\/wp-json\/wp\/v2\/posts\/17851","targetHints":{"allow":["GET"]}}],"collection":[{"href":"http:\/\/staging.ibermusicas.org\/index.php\/wp-json\/wp\/v2\/posts"}],"about":[{"href":"http:\/\/staging.ibermusicas.org\/index.php\/wp-json\/wp\/v2\/types\/post"}],"author":[{"embeddable":true,"href":"http:\/\/staging.ibermusicas.org\/index.php\/wp-json\/wp\/v2\/users\/7"}],"replies":[{"embeddable":true,"href":"http:\/\/staging.ibermusicas.org\/index.php\/wp-json\/wp\/v2\/comments?post=17851"}],"version-history":[{"count":2,"href":"http:\/\/staging.ibermusicas.org\/index.php\/wp-json\/wp\/v2\/posts\/17851\/revisions"}],"predecessor-version":[{"id":18078,"href":"http:\/\/staging.ibermusicas.org\/index.php\/wp-json\/wp\/v2\/posts\/17851\/revisions\/18078"}],"wp:featuredmedia":[{"embeddable":true,"href":"http:\/\/staging.ibermusicas.org\/index.php\/wp-json\/wp\/v2\/media\/18077"}],"wp:attachment":[{"href":"http:\/\/staging.ibermusicas.org\/index.php\/wp-json\/wp\/v2\/media?parent=17851"}],"wp:term":[{"taxonomy":"category","embeddable":true,"href":"http:\/\/staging.ibermusicas.org\/index.php\/wp-json\/wp\/v2\/categories?post=17851"},{"taxonomy":"post_tag","embeddable":true,"href":"http:\/\/staging.ibermusicas.org\/index.php\/wp-json\/wp\/v2\/tags?post=17851"}],"curies":[{"name":"wp","href":"https:\/\/api.w.org\/{rel}","templated":true}]}}