{"id":17859,"date":"2024-01-30T20:41:31","date_gmt":"2024-01-30T20:41:31","guid":{"rendered":"http:\/\/staging.ibermusicas.org\/?p=17859"},"modified":"2024-02-28T22:43:20","modified_gmt":"2024-02-28T22:43:20","slug":"a-fundacao-cultural-cayena-da-colombia-vencedora-do-premio-especial-ibermusicas-brasil-inicia-sua-programacao-para-2024","status":"publish","type":"post","link":"http:\/\/staging.ibermusicas.org\/index.php\/a-fundacao-cultural-cayena-da-colombia-vencedora-do-premio-especial-ibermusicas-brasil-inicia-sua-programacao-para-2024\/","title":{"rendered":"A Funda\u00e7\u00e3o Cultural Cayena da Col\u00f4mbia, vencedora do pr\u00eamio especial Iberm\u00fasicas\/Brasil, inicia sua programa\u00e7\u00e3o para 2024"},"content":{"rendered":"<p>Pioneira na organiza\u00e7\u00e3o de eventos com temas inovadores em torno da m\u00fasica brasileira na cidade de Bogot\u00e1, a Funda\u00e7\u00e3o Cultural Cayena, ao longo de seus 23 anos, tem difundido de forma ampla e permanente a m\u00fasica do Brasil.<\/p>\n<p>&nbsp;<\/p>\n<p>Vencedora do Pr\u00eamio Iberm\u00fasicas Brasil 2023, pretende continuar sendo uma refer\u00eancia da cultura brasileira na Col\u00f4mbia e no mundo, fortalecendo cada vez mais sua programa\u00e7\u00e3o art\u00edstica e cultural por meio de concertos, oficinas de forma\u00e7\u00e3o e encontros musicais com uma programa\u00e7\u00e3o diferenciada.<\/p>\n<p>&nbsp;<\/p>\n<p>Iniciar\u00e1 sua programa\u00e7\u00e3o musical para 2024 no dia 3 de fevereiro com uma atividade denominada Roda Brasil &#8211; Jam de M\u00fasica Brasile\u00f1a com a participa\u00e7\u00e3o de m\u00fasicos nacionais e internacionais como Alexsey, Aldo Zolev, Sof\u00eda Elena S\u00e1nchez e Diego Cadavid em um espa\u00e7o de encontro e improvisa\u00e7\u00e3o.<\/p>\n<p><strong>\u00a0<\/strong><\/p>\n<ul>\n<li>3 de fevereiro, Fundaci\u00f3n Cultural Cayena Calle 39 20 38, Bogot\u00e1, Col\u00f4mbia<\/li>\n<\/ul>\n","protected":false},"excerpt":{"rendered":"<p>Pioneira na organiza\u00e7\u00e3o de eventos com temas inovadores em torno da m\u00fasica brasileira na cidade de Bogot\u00e1, a Funda\u00e7\u00e3o Cultural Cayena, ao longo de seus 23 anos, tem difundido de forma ampla e permanente a m\u00fasica do Brasil. &nbsp; Vencedora do Pr\u00eamio Iberm\u00fasicas Brasil 2023, pretende continuar sendo uma refer\u00eancia da cultura brasileira na Col\u00f4mbia [&hellip;]<\/p>\n","protected":false},"author":7,"featured_media":18079,"comment_status":"closed","ping_status":"closed","sticky":false,"template":"","format":"standard","meta":{"footnotes":""},"categories":[218],"tags":[],"class_list":["post-17859","post","type-post","status-publish","format-standard","has-post-thumbnail","hentry","category-noticias-generales-pt"],"lang":"pt","translations":{"pt":17859},"pll_sync_post":[],"post_mailing_queue_ids":[],"_links":{"self":[{"href":"http:\/\/staging.ibermusicas.org\/index.php\/wp-json\/wp\/v2\/posts\/17859","targetHints":{"allow":["GET"]}}],"collection":[{"href":"http:\/\/staging.ibermusicas.org\/index.php\/wp-json\/wp\/v2\/posts"}],"about":[{"href":"http:\/\/staging.ibermusicas.org\/index.php\/wp-json\/wp\/v2\/types\/post"}],"author":[{"embeddable":true,"href":"http:\/\/staging.ibermusicas.org\/index.php\/wp-json\/wp\/v2\/users\/7"}],"replies":[{"embeddable":true,"href":"http:\/\/staging.ibermusicas.org\/index.php\/wp-json\/wp\/v2\/comments?post=17859"}],"version-history":[{"count":1,"href":"http:\/\/staging.ibermusicas.org\/index.php\/wp-json\/wp\/v2\/posts\/17859\/revisions"}],"predecessor-version":[{"id":17860,"href":"http:\/\/staging.ibermusicas.org\/index.php\/wp-json\/wp\/v2\/posts\/17859\/revisions\/17860"}],"wp:featuredmedia":[{"embeddable":true,"href":"http:\/\/staging.ibermusicas.org\/index.php\/wp-json\/wp\/v2\/media\/18079"}],"wp:attachment":[{"href":"http:\/\/staging.ibermusicas.org\/index.php\/wp-json\/wp\/v2\/media?parent=17859"}],"wp:term":[{"taxonomy":"category","embeddable":true,"href":"http:\/\/staging.ibermusicas.org\/index.php\/wp-json\/wp\/v2\/categories?post=17859"},{"taxonomy":"post_tag","embeddable":true,"href":"http:\/\/staging.ibermusicas.org\/index.php\/wp-json\/wp\/v2\/tags?post=17859"}],"curies":[{"name":"wp","href":"https:\/\/api.w.org\/{rel}","templated":true}]}}