{"id":17863,"date":"2024-01-30T20:45:16","date_gmt":"2024-01-30T20:45:16","guid":{"rendered":"http:\/\/staging.ibermusicas.org\/?p=17863"},"modified":"2024-02-28T23:08:10","modified_gmt":"2024-02-28T23:08:10","slug":"a-artista-uruguaia-melani-luraschi-inicia-sua-residencia-de-composicao-na-antiga-casa-de-atahualpa-yupanqui-em-cerro-colorado-argentina","status":"publish","type":"post","link":"http:\/\/staging.ibermusicas.org\/index.php\/a-artista-uruguaia-melani-luraschi-inicia-sua-residencia-de-composicao-na-antiga-casa-de-atahualpa-yupanqui-em-cerro-colorado-argentina\/","title":{"rendered":"A artista uruguaia Melan\u00ed Luraschi inicia sua resid\u00eancia de composi\u00e7\u00e3o na antiga casa de Atahualpa Yupanqui em Cerro Colorado, Argentina"},"content":{"rendered":"<p>O projeto \u00abImers\u00e3o po\u00e9tica e musical em Cerro Colorado de Antonietta Paule Pepin Fitzpatrick\u00bb consiste em uma resid\u00eancia art\u00edstica de tr\u00eas semanas da compositora Melan\u00ed Luraschi no Museu Casa da Funda\u00e7\u00e3o Atahualpa Yupanqui, na cidade de Cerro Colorado, C\u00f3rdoba, Argentina.<\/p>\n<p>&nbsp;<\/p>\n<p>O foco da resid\u00eancia \u00e9 a vida e a obra musical de Antonietta Paule Pepin Fitzpatrick (Nenette), esposa de Yupanqui, coautora de muitas das can\u00e7\u00f5es mais conhecidas do cantor e compositor argentino, mas que na \u00e9poca teve que assinar com um pseud\u00f4nimo masculino: Pablo del Cerro. Dessa forma, a resid\u00eancia tem como objetivo tornar mais vis\u00edvel a figura de Nenette como pianista e compositora.<\/p>\n<p>&nbsp;<\/p>\n<p>Enquanto Atahualpa Yupanqui percorria o mundo em extensas turn\u00eas musicais, Nenette permanecia em casa com seu filho na pitoresca cidade de Cerro Colorado, C\u00f3rdoba, Argentina, oferecendo apoio silencioso \u00e0 extraordin\u00e1ria carreira de seu marido. Diz-se que, para apoiar o talento dele, ela chegou a desistir de sua pr\u00f3pria carreira art\u00edstica. Enquanto a hist\u00f3ria de Atahualpa \u00e9 conhecida por muitos, a hist\u00f3ria de Nenette permaneceu nas sombras. Mas o que aconteceu com Nenette? Como foi a vida dessa mulher que optou pela solid\u00e3o tranquila do Cerro Colorado enquanto seu marido brilhava no cen\u00e1rio mundial?<\/p>\n<p>&nbsp;<\/p>\n<p>Tomando como inspira\u00e7\u00e3o o livro \u00abCartas a Nenette\u00bb, de Victor Pintos, que compila as cartas que Atahualpa enviou a ela de diferentes pa\u00edses da Europa, especialmente de Paris, surge a pergunta: Que palavras e emo\u00e7\u00f5es preencheram as cartas que Nenette escreveu?<\/p>\n<p>&nbsp;<\/p>\n<p>Melan\u00ed Luraschi \u00e9 compositora, produtora e poeta de Maldonado, Uruguai. Suas can\u00e7\u00f5es, com ra\u00edzes no R\u00edo de la Plata e na m\u00fasica latina, s\u00e3o \u00e0s vezes mais jazz\u00edsticas, \u00e0s vezes mais pop. Ela canta a potencialidade dos corpos, o paradoxo das fronteiras, inspirada nas mil formas de v\u00ednculos humanos e na imensid\u00e3o da natureza. Escreve e canta em espanhol, portugu\u00eas e franc\u00eas. Atualmente vive em Paris para estudos musicais. Lan\u00e7ou dois \u00e1lbuns de m\u00fasicas pr\u00f3prias, um EP com Eduardo Larbanois e tr\u00eas singles, entre os quais divide com Julieta Rada e Lisandro Aristimu\u00f1o.<\/p>\n<p>&nbsp;<\/p>\n<p>Sua m\u00fasica foi elogiada por artistas com os quais se identifica, como a brasileira Maria Gad\u00fa, a mexicana Natalia Lafourcade e a peruana Susana Baca. Em 2018, foi selecionada pelo Mercado de Ind\u00fastrias Criativas do Uruguai (MicUY) para representar o Uruguai em um showcase no Mercado de Ind\u00fastrias Criativas do Brasil (MicBR), realizado na cidade de S\u00e3o Paulo. No mesmo ano, viajou para o Festival M\u00fasica de Rua (Caxias do Sul) com o apoio do Iberm\u00fasicas. Em 2019 abriu para Cyrille Aim\u00e9e (Fran\u00e7a) como parte da Jazz Tour no Teatro Sol\u00eds em Montevid\u00e9u, em 2020 para Fernando Cabrera no Medio y Medio (Punta Ballena) e em 2022 para a renomada banda NTVG em Punta del Este.<\/p>\n<p>&nbsp;<\/p>\n<p>Em 2021, ela foi selecionada para participar de uma bolsa de estudos de produ\u00e7\u00e3o musical em Bolonha. Em 2022, sua m\u00fasica \u00bbProfundo\u00bb foi selecionada como parte da trilha sonora da s\u00e9rie de v\u00eddeo da Amazon Prime \u00bbEl fin del amor\u00bb, estrelada por Lali Esp\u00f3sito.<\/p>\n<p>&nbsp;<\/p>\n<p>Paralelamente \u00e0 m\u00fasica, ela \u00e9 coordenadora e criadora, desde 2012, de um espa\u00e7o ligado \u00e0s artes c\u00eanicas \u00bbCamino de las aguas\u00bb na cidade de Maldonado, Uruguai, onde s\u00e3o realizadas continuamente oficinas para crian\u00e7as.<\/p>\n<p>&nbsp;<\/p>\n<p>&nbsp;<\/p>\n<p>Fevereiro e mar\u00e7o, Agua Escondida, Cerro Colorado, C\u00f3rdoba, Argentina<\/p>\n","protected":false},"excerpt":{"rendered":"<p>O projeto \u00abImers\u00e3o po\u00e9tica e musical em Cerro Colorado de Antonietta Paule Pepin Fitzpatrick\u00bb consiste em uma resid\u00eancia art\u00edstica de tr\u00eas semanas da compositora Melan\u00ed Luraschi no Museu Casa da Funda\u00e7\u00e3o Atahualpa Yupanqui, na cidade de Cerro Colorado, C\u00f3rdoba, Argentina. &nbsp; O foco da resid\u00eancia \u00e9 a vida e a obra musical de Antonietta Paule [&hellip;]<\/p>\n","protected":false},"author":7,"featured_media":18080,"comment_status":"closed","ping_status":"closed","sticky":false,"template":"","format":"standard","meta":{"footnotes":""},"categories":[218],"tags":[],"class_list":["post-17863","post","type-post","status-publish","format-standard","has-post-thumbnail","hentry","category-noticias-generales-pt"],"lang":"pt","translations":{"pt":17863},"pll_sync_post":[],"post_mailing_queue_ids":[],"_links":{"self":[{"href":"http:\/\/staging.ibermusicas.org\/index.php\/wp-json\/wp\/v2\/posts\/17863","targetHints":{"allow":["GET"]}}],"collection":[{"href":"http:\/\/staging.ibermusicas.org\/index.php\/wp-json\/wp\/v2\/posts"}],"about":[{"href":"http:\/\/staging.ibermusicas.org\/index.php\/wp-json\/wp\/v2\/types\/post"}],"author":[{"embeddable":true,"href":"http:\/\/staging.ibermusicas.org\/index.php\/wp-json\/wp\/v2\/users\/7"}],"replies":[{"embeddable":true,"href":"http:\/\/staging.ibermusicas.org\/index.php\/wp-json\/wp\/v2\/comments?post=17863"}],"version-history":[{"count":1,"href":"http:\/\/staging.ibermusicas.org\/index.php\/wp-json\/wp\/v2\/posts\/17863\/revisions"}],"predecessor-version":[{"id":17864,"href":"http:\/\/staging.ibermusicas.org\/index.php\/wp-json\/wp\/v2\/posts\/17863\/revisions\/17864"}],"wp:featuredmedia":[{"embeddable":true,"href":"http:\/\/staging.ibermusicas.org\/index.php\/wp-json\/wp\/v2\/media\/18080"}],"wp:attachment":[{"href":"http:\/\/staging.ibermusicas.org\/index.php\/wp-json\/wp\/v2\/media?parent=17863"}],"wp:term":[{"taxonomy":"category","embeddable":true,"href":"http:\/\/staging.ibermusicas.org\/index.php\/wp-json\/wp\/v2\/categories?post=17863"},{"taxonomy":"post_tag","embeddable":true,"href":"http:\/\/staging.ibermusicas.org\/index.php\/wp-json\/wp\/v2\/tags?post=17863"}],"curies":[{"name":"wp","href":"https:\/\/api.w.org\/{rel}","templated":true}]}}