{"id":17865,"date":"2024-01-30T21:15:03","date_gmt":"2024-01-30T21:15:03","guid":{"rendered":"http:\/\/staging.ibermusicas.org\/?p=17865"},"modified":"2024-02-28T23:09:28","modified_gmt":"2024-02-28T23:09:28","slug":"se-inicia-la-residencia-artistica-virtual-en-investigacion-y-preservacion-del-archivo-sonoro-visual-y-audiovisual-de-la-agrupacion-musical-afrocostarricense-cantoamerica","status":"publish","type":"post","link":"http:\/\/staging.ibermusicas.org\/index.php\/se-inicia-la-residencia-artistica-virtual-en-investigacion-y-preservacion-del-archivo-sonoro-visual-y-audiovisual-de-la-agrupacion-musical-afrocostarricense-cantoamerica\/","title":{"rendered":"Se Inicia la Residencia Art\u00edstica Virtual en investigaci\u00f3n y preservaci\u00f3n del archivo sonoro, visual y audiovisual de la agrupaci\u00f3n m\u00fasical afrocostarricense Cantoam\u00e9rica"},"content":{"rendered":"<p>Con el objetivo de contribuir con las investigaciones en preservaci\u00f3n sonora, visual y audiovisual, as\u00ed como el desarrollo editorial musical de la regi\u00f3n; se inicia la residencia en investigaci\u00f3n para continuar las pesquisas, sistematizar un cat\u00e1logo cultural del acervo documental, relevar la trayectoria musical y elaborar un gui\u00f3n para la creaci\u00f3n de un documental audiovisual de la agrupaci\u00f3n de m\u00fasica afrocostarricense Cantoam\u00e9rica.<\/p>\n<p><strong>\u00a0<\/strong><\/p>\n<p>El grupo Cantoam\u00e9rica nace en 1980 con la idea de crear m\u00fasica original con ra\u00edces latinoamericanas y costarricenses. Su repertorio se basa en las composiciones del director, vocalista, guitarrista y cofundador de la agrupaci\u00f3n Manuel Monestel, cantadas en espa\u00f1ol y en versiones de calypsos limonenses, inspirados en las obras de figuras destacadas como los calypsonians Ferguson, Glinton, Silvan y Papa Tun, que son cantadas en creole, ingl\u00e9s criollo.<\/p>\n<p>&nbsp;<\/p>\n<p>Cantoam\u00e9rica es reconocido como parte del patrimonio sonoro costarricense, como un laboratorio de experimentaci\u00f3n sonora y como el primer proyecto musical que intent\u00f3 romper las barreras de lo convencional con respecto a la cultura afro del pa\u00eds, difundiendo la multiculturalidad, promoviendo la solidaridad y el respeto a los derechos humanos y ambientales.<\/p>\n<p>&nbsp;<\/p>\n<p>Con m\u00e1s de cuatro d\u00e9cadas de trayectoria musical, 13 producciones fonogr\u00e1ficas propias, giras por 4 continentes, Cantoam\u00e9rica contin\u00faa haciendo m\u00fasica en un peque\u00f1o pa\u00eds centroamericano, donde a\u00fan hay mucho por contribuir a la difusi\u00f3n de la protecci\u00f3n de los derechos ambientales, la multiculturalidad, las poblaciones, sus sonoridades e identidades.<\/p>\n<p>&nbsp;<\/p>\n<p>Participan del proyecto:<\/p>\n<p>&nbsp;<\/p>\n<ul>\n<li>Dardo Gobbi (Argentina), documentalista, realizador audiovisual, fot\u00f3grafo etnogr\u00e1fico y antropol\u00f3gico, docente e investigador, con experiencia en diversos medios de comunicaci\u00f3n audiovisuales.<\/li>\n<li>Mo Maie (Brasil), compositora, multi-instrumentista, escritora, dise\u00f1adora creativa, arte educadora e investigadora de la m\u00fasica y danza transatl\u00e1ntica afro-amerindia de Brasil. Coordinadora de la plataforma creativa Djal\u00f3 M\u00fasica Nomad, del Festival Niamakala y de la revista electr\u00f3nica \u201cTerreiro de Gri\u00f4s\u201d.<\/li>\n<li>Livio Macchia (Italia \/ Costa Rica) , documentalista, m\u00fasico, fot\u00f3grafo, realizador audiovisual, artista e investigador italiano residente en Costa Rica.<\/li>\n<li>Mar Fernanda Schifani Garcia (Costa Rica), gestora cultural, realizadora audiovisual, escritora e investigadora, coordinadora de Boa Viagem Producciones.<\/li>\n<\/ul>\n<p>&nbsp;<\/p>\n<p>Se desarrollar\u00e1n de forma virtual encuentros de residencia art\u00edstica entre Argentina, Brasil y Costa Rica.<\/p>\n<p>&nbsp;<\/p>\n<p>Este proyecto ha sido ganador de las convocatorias 2023 de Iberm\u00fasicas en la l\u00ednea de \u201cAyudas al Sector Musical en Modalidad Virtual\u201d.<\/p>\n<p>&nbsp;<\/p>\n<ul>\n<li>De febrero a octubre de 2024<\/li>\n<\/ul>\n","protected":false},"excerpt":{"rendered":"<p>Con el objetivo de contribuir con las investigaciones en preservaci\u00f3n sonora, visual y audiovisual, as\u00ed como el desarrollo editorial musical de la regi\u00f3n; se inicia la residencia en investigaci\u00f3n para continuar las pesquisas, sistematizar un cat\u00e1logo cultural del acervo documental, relevar la trayectoria musical y elaborar un gui\u00f3n para la creaci\u00f3n de un documental audiovisual [&hellip;]<\/p>\n","protected":false},"author":7,"featured_media":18081,"comment_status":"closed","ping_status":"closed","sticky":false,"template":"","format":"standard","meta":{"footnotes":""},"categories":[53],"tags":[],"class_list":["post-17865","post","type-post","status-publish","format-standard","has-post-thumbnail","hentry","category-noticias-generales"],"lang":"es","translations":{"es":17865},"pll_sync_post":[],"post_mailing_queue_ids":[],"_links":{"self":[{"href":"http:\/\/staging.ibermusicas.org\/index.php\/wp-json\/wp\/v2\/posts\/17865","targetHints":{"allow":["GET"]}}],"collection":[{"href":"http:\/\/staging.ibermusicas.org\/index.php\/wp-json\/wp\/v2\/posts"}],"about":[{"href":"http:\/\/staging.ibermusicas.org\/index.php\/wp-json\/wp\/v2\/types\/post"}],"author":[{"embeddable":true,"href":"http:\/\/staging.ibermusicas.org\/index.php\/wp-json\/wp\/v2\/users\/7"}],"replies":[{"embeddable":true,"href":"http:\/\/staging.ibermusicas.org\/index.php\/wp-json\/wp\/v2\/comments?post=17865"}],"version-history":[{"count":1,"href":"http:\/\/staging.ibermusicas.org\/index.php\/wp-json\/wp\/v2\/posts\/17865\/revisions"}],"predecessor-version":[{"id":17866,"href":"http:\/\/staging.ibermusicas.org\/index.php\/wp-json\/wp\/v2\/posts\/17865\/revisions\/17866"}],"wp:featuredmedia":[{"embeddable":true,"href":"http:\/\/staging.ibermusicas.org\/index.php\/wp-json\/wp\/v2\/media\/18081"}],"wp:attachment":[{"href":"http:\/\/staging.ibermusicas.org\/index.php\/wp-json\/wp\/v2\/media?parent=17865"}],"wp:term":[{"taxonomy":"category","embeddable":true,"href":"http:\/\/staging.ibermusicas.org\/index.php\/wp-json\/wp\/v2\/categories?post=17865"},{"taxonomy":"post_tag","embeddable":true,"href":"http:\/\/staging.ibermusicas.org\/index.php\/wp-json\/wp\/v2\/tags?post=17865"}],"curies":[{"name":"wp","href":"https:\/\/api.w.org\/{rel}","templated":true}]}}