{"id":17867,"date":"2024-01-30T21:16:11","date_gmt":"2024-01-30T21:16:11","guid":{"rendered":"http:\/\/staging.ibermusicas.org\/?p=17867"},"modified":"2024-02-28T23:10:25","modified_gmt":"2024-02-28T23:10:25","slug":"tem-inicio-a-residencia-artistica-virtual-em-pesquisa-e-preservacao-do-acervo-sonoro-visual-e-audiovisual-do-grupo-musical-afro-costa-riquenho-cantoamerica","status":"publish","type":"post","link":"http:\/\/staging.ibermusicas.org\/index.php\/tem-inicio-a-residencia-artistica-virtual-em-pesquisa-e-preservacao-do-acervo-sonoro-visual-e-audiovisual-do-grupo-musical-afro-costa-riquenho-cantoamerica\/","title":{"rendered":"Tem in\u00edcio a Resid\u00eancia Art\u00edstica Virtual em pesquisa e preserva\u00e7\u00e3o do acervo sonoro, visual e audiovisual do grupo musical afro-costa-riquenho Cantoam\u00e9rica"},"content":{"rendered":"<p>Com o objetivo de contribuir para a pesquisa em preserva\u00e7\u00e3o sonora, visual e audiovisual, bem como para o desenvolvimento da edi\u00e7\u00e3o musical na regi\u00e3o, inicia-se a resid\u00eancia de pesquisa para dar continuidade \u00e0 investiga\u00e7\u00e3o, sistematizar um cat\u00e1logo cultural do arquivo documental, levantar a trajet\u00f3ria musical e preparar um roteiro para a cria\u00e7\u00e3o de um document\u00e1rio audiovisual do grupo musical afro-costa-riquenho Cantoam\u00e9rica.<\/p>\n<p>&nbsp;<\/p>\n<p>O grupo Cantoam\u00e9rica foi fundado em 1980 com a ideia de criar m\u00fasica original com ra\u00edzes latino-americanas e costa-riquenhas. Seu repert\u00f3rio \u00e9 baseado nas composi\u00e7\u00f5es do diretor, vocalista, guitarrista e cofundador do grupo, Manuel Monestel, cantadas em espanhol e em vers\u00f5es de calipsos limonenses, inspiradas nas obras de figuras proeminentes como os calips\u00f4nios Ferguson, Glinton, Silvan e Papa Tun, que s\u00e3o cantadas em crioulo, ingl\u00eas crioulo.<\/p>\n<p>&nbsp;<\/p>\n<p>O Cantoam\u00e9rica \u00e9 reconhecido como parte do patrim\u00f4nio sonoro da Costa Rica, como um laborat\u00f3rio de experimenta\u00e7\u00e3o sonora e como o primeiro projeto musical que tentou romper as barreiras do convencional em rela\u00e7\u00e3o \u00e0 cultura afro do pa\u00eds, difundindo o multiculturalismo, promovendo a solidariedade e o respeito aos direitos humanos e ambientais.<\/p>\n<p>&nbsp;<\/p>\n<p>Com mais de quatro d\u00e9cadas de trajet\u00f3ria musical, 13 produ\u00e7\u00f5es fonogr\u00e1ficas pr\u00f3prias, turn\u00eas em 4 continentes, o Cantoam\u00e9rica continua a fazer m\u00fasica em um pequeno pa\u00eds da Am\u00e9rica Central, onde ainda h\u00e1 muito a contribuir para a dissemina\u00e7\u00e3o da prote\u00e7\u00e3o dos direitos ambientais, do multiculturalismo, das popula\u00e7\u00f5es e suas sonoridades e identidades.<\/p>\n<p>&nbsp;<\/p>\n<p>Participantes do projeto:<\/p>\n<p>&nbsp;<\/p>\n<ul>\n<li>Dardo Gobbi (Argentina), documentarista audiovisual, produtor audiovisual, fot\u00f3grafo etnogr\u00e1fico e antropol\u00f3gico, professor e pesquisador, com experi\u00eancia em v\u00e1rias m\u00eddias audiovisuais.<\/li>\n<li>Mo Maie (Brasil), compositors, multi-instrumentista, escritors, designer criativs, arte-educadors e pesquisadors de m\u00fasica e dan\u00e7a transatl\u00e2ntica afro-americana do Brasil. Coordenadora da plataforma criativa Djal\u00f3 M\u00fasica Nomad, do Festival Niamakala e da revista eletr\u00f4nica \u00abTerreiro de Gri\u00f4s\u00bb.<\/li>\n<li>Livio Macchia (It\u00e1lia \/ Costa Rica) , documentarista, m\u00fasico, fot\u00f3grafo, produtor audiovisual, artista e pesquisador italiano radicado na Costa Rica.<\/li>\n<li>Mar Fernanda Schifani Garcia (Costa Rica), gestora cultural, produtora audiovisual, escritora e pesquisadora, coordenadora da Boa Viagem Produ\u00e7\u00f5es.<\/li>\n<\/ul>\n<p>&nbsp;<\/p>\n<p>As reuni\u00f5es de resid\u00eancia art\u00edstica ser\u00e3o realizadas virtualmente entre Argentina, Brasil e Costa Rica.<\/p>\n<p>&nbsp;<\/p>\n<p>Esse projeto foi o vencedor da convocat\u00f3ria Iberm\u00fasicas 2023 na linha \u00abAjudas ao setor musical em modalidade virtual\u00bb.<\/p>\n<p>&nbsp;<\/p>\n<p>&nbsp;<\/p>\n<ul>\n<li>De fevereiro a outubro de 2024<\/li>\n<\/ul>\n","protected":false},"excerpt":{"rendered":"<p>Com o objetivo de contribuir para a pesquisa em preserva\u00e7\u00e3o sonora, visual e audiovisual, bem como para o desenvolvimento da edi\u00e7\u00e3o musical na regi\u00e3o, inicia-se a resid\u00eancia de pesquisa para dar continuidade \u00e0 investiga\u00e7\u00e3o, sistematizar um cat\u00e1logo cultural do arquivo documental, levantar a trajet\u00f3ria musical e preparar um roteiro para a cria\u00e7\u00e3o de um document\u00e1rio [&hellip;]<\/p>\n","protected":false},"author":7,"featured_media":18081,"comment_status":"closed","ping_status":"closed","sticky":false,"template":"","format":"standard","meta":{"footnotes":""},"categories":[218],"tags":[],"class_list":["post-17867","post","type-post","status-publish","format-standard","has-post-thumbnail","hentry","category-noticias-generales-pt"],"lang":"pt","translations":{"pt":17867},"pll_sync_post":[],"post_mailing_queue_ids":[],"_links":{"self":[{"href":"http:\/\/staging.ibermusicas.org\/index.php\/wp-json\/wp\/v2\/posts\/17867","targetHints":{"allow":["GET"]}}],"collection":[{"href":"http:\/\/staging.ibermusicas.org\/index.php\/wp-json\/wp\/v2\/posts"}],"about":[{"href":"http:\/\/staging.ibermusicas.org\/index.php\/wp-json\/wp\/v2\/types\/post"}],"author":[{"embeddable":true,"href":"http:\/\/staging.ibermusicas.org\/index.php\/wp-json\/wp\/v2\/users\/7"}],"replies":[{"embeddable":true,"href":"http:\/\/staging.ibermusicas.org\/index.php\/wp-json\/wp\/v2\/comments?post=17867"}],"version-history":[{"count":1,"href":"http:\/\/staging.ibermusicas.org\/index.php\/wp-json\/wp\/v2\/posts\/17867\/revisions"}],"predecessor-version":[{"id":17868,"href":"http:\/\/staging.ibermusicas.org\/index.php\/wp-json\/wp\/v2\/posts\/17867\/revisions\/17868"}],"wp:featuredmedia":[{"embeddable":true,"href":"http:\/\/staging.ibermusicas.org\/index.php\/wp-json\/wp\/v2\/media\/18081"}],"wp:attachment":[{"href":"http:\/\/staging.ibermusicas.org\/index.php\/wp-json\/wp\/v2\/media?parent=17867"}],"wp:term":[{"taxonomy":"category","embeddable":true,"href":"http:\/\/staging.ibermusicas.org\/index.php\/wp-json\/wp\/v2\/categories?post=17867"},{"taxonomy":"post_tag","embeddable":true,"href":"http:\/\/staging.ibermusicas.org\/index.php\/wp-json\/wp\/v2\/tags?post=17867"}],"curies":[{"name":"wp","href":"https:\/\/api.w.org\/{rel}","templated":true}]}}