{"id":17871,"date":"2024-01-30T21:17:49","date_gmt":"2024-01-30T21:17:49","guid":{"rendered":"http:\/\/staging.ibermusicas.org\/?p=17871"},"modified":"2024-02-28T23:16:32","modified_gmt":"2024-02-28T23:16:32","slug":"comeca-a-producao-de-comadreando-sim-fronteiras-da-colombia-a-chile","status":"publish","type":"post","link":"http:\/\/staging.ibermusicas.org\/index.php\/comeca-a-producao-de-comadreando-sim-fronteiras-da-colombia-a-chile\/","title":{"rendered":"Come\u00e7a a produ\u00e7\u00e3o de \u201cComadreando sim fronteiras: da Col\u00f4mbia a Chile\u201d"},"content":{"rendered":"<p>\u201cComadreando sim fronteiras: da Col\u00f4mbia a Chile\u201d \u00e9 uma temporada especial de 7 epis\u00f3dios de 30 minutos, de um podcast que celebra e promove a participa\u00e7\u00e3o ativa das mulheres no ecossistema musical. Esta primeira temporada ter\u00e1 uma colabora\u00e7\u00e3o entre as Comadres Musicales de Col\u00f4mbia e a Funda\u00e7\u00e3o Domo, Mujeres al Sur de Chile.<\/p>\n<p>&nbsp;<\/p>\n<p>Atrav\u00e9s de entrevistas, hist\u00f3rias inspiradoras e debates, ser\u00e3o explorados os impactos da m\u00fasica na vida das mulheres, as barreiras que enfrentam, como est\u00e3o a criar mudan\u00e7as significativas na ind\u00fastria musical e qual tem sido a sua contribui\u00e7\u00e3o no ecossistema.<\/p>\n<p>&nbsp;<\/p>\n<p>Comadres Musicales da Col\u00f4mbia \u00e9 uma comunidade de mulheres que trabalham em toda a cadeia de valor do ecossistema musical e que procuram gerar oportunidades de visibilidade atrav\u00e9s de uma rede de trabalho cooperativo. Desenvolvem ideias para a reativa\u00e7\u00e3o da cultura e procuram participar ativamente na constru\u00e7\u00e3o cultural a partir de todas as partes do ecossistema.<\/p>\n<p>&nbsp;<\/p>\n<p>A Funda\u00e7\u00e3o Domo, Mujeres al Sur de Chile \u00e9 uma equipa de tr\u00eas mulheres: Valeska Zapata, Maruja Navarro e Caro Guttmann, que \u00e9 a fundadora e atual diretora. O seu objetivo \u00e9 promover o bem-estar e o crescimento das mulheres do sul do mundo, promover o associativismo e a profissionaliza\u00e7\u00e3o dos of\u00edcios.<\/p>\n<p>&nbsp;<\/p>\n<p>O projeto \u00e9 benefici\u00e1rio de bolsas Iberm\u00fasicas sob a forma de \u00abAjudas ao Sector Musical em Modalidade Virtual\u00bb.<\/p>\n","protected":false},"excerpt":{"rendered":"<p>\u201cComadreando sim fronteiras: da Col\u00f4mbia a Chile\u201d \u00e9 uma temporada especial de 7 epis\u00f3dios de 30 minutos, de um podcast que celebra e promove a participa\u00e7\u00e3o ativa das mulheres no ecossistema musical. Esta primeira temporada ter\u00e1 uma colabora\u00e7\u00e3o entre as Comadres Musicales de Col\u00f4mbia e a Funda\u00e7\u00e3o Domo, Mujeres al Sur de Chile. &nbsp; Atrav\u00e9s [&hellip;]<\/p>\n","protected":false},"author":7,"featured_media":18082,"comment_status":"closed","ping_status":"closed","sticky":false,"template":"","format":"standard","meta":{"footnotes":""},"categories":[218],"tags":[],"class_list":["post-17871","post","type-post","status-publish","format-standard","has-post-thumbnail","hentry","category-noticias-generales-pt"],"lang":"pt","translations":{"pt":17871},"pll_sync_post":[],"post_mailing_queue_ids":[],"_links":{"self":[{"href":"http:\/\/staging.ibermusicas.org\/index.php\/wp-json\/wp\/v2\/posts\/17871","targetHints":{"allow":["GET"]}}],"collection":[{"href":"http:\/\/staging.ibermusicas.org\/index.php\/wp-json\/wp\/v2\/posts"}],"about":[{"href":"http:\/\/staging.ibermusicas.org\/index.php\/wp-json\/wp\/v2\/types\/post"}],"author":[{"embeddable":true,"href":"http:\/\/staging.ibermusicas.org\/index.php\/wp-json\/wp\/v2\/users\/7"}],"replies":[{"embeddable":true,"href":"http:\/\/staging.ibermusicas.org\/index.php\/wp-json\/wp\/v2\/comments?post=17871"}],"version-history":[{"count":1,"href":"http:\/\/staging.ibermusicas.org\/index.php\/wp-json\/wp\/v2\/posts\/17871\/revisions"}],"predecessor-version":[{"id":17872,"href":"http:\/\/staging.ibermusicas.org\/index.php\/wp-json\/wp\/v2\/posts\/17871\/revisions\/17872"}],"wp:featuredmedia":[{"embeddable":true,"href":"http:\/\/staging.ibermusicas.org\/index.php\/wp-json\/wp\/v2\/media\/18082"}],"wp:attachment":[{"href":"http:\/\/staging.ibermusicas.org\/index.php\/wp-json\/wp\/v2\/media?parent=17871"}],"wp:term":[{"taxonomy":"category","embeddable":true,"href":"http:\/\/staging.ibermusicas.org\/index.php\/wp-json\/wp\/v2\/categories?post=17871"},{"taxonomy":"post_tag","embeddable":true,"href":"http:\/\/staging.ibermusicas.org\/index.php\/wp-json\/wp\/v2\/tags?post=17871"}],"curies":[{"name":"wp","href":"https:\/\/api.w.org\/{rel}","templated":true}]}}