{"id":17875,"date":"2024-01-30T21:19:58","date_gmt":"2024-01-30T21:19:58","guid":{"rendered":"http:\/\/staging.ibermusicas.org\/?p=17875"},"modified":"2024-02-28T23:18:41","modified_gmt":"2024-02-28T23:18:41","slug":"isabella-bretz-inicia-a-sua-pesquisa-de-artista-e-analista-internacional-estudando-a-musica-como-ferramenta-de-diplomacia-cultural-na-ibero-america","status":"publish","type":"post","link":"http:\/\/staging.ibermusicas.org\/index.php\/isabella-bretz-inicia-a-sua-pesquisa-de-artista-e-analista-internacional-estudando-a-musica-como-ferramenta-de-diplomacia-cultural-na-ibero-america\/","title":{"rendered":"Isabella Bretz inicia a sua Pesquisa de artista e analista internacional estudando a m\u00fasica como ferramenta de diplomacia cultural na Ibero-Am\u00e9rica"},"content":{"rendered":"<p>A m\u00fasica, ao longo da hist\u00f3ria, tem sido muito mais do que uma mera forma de express\u00e3o art\u00edstica. Ela tem servido como uma linguagem universal que transcende barreiras geogr\u00e1ficas e culturais. Na diversa regi\u00e3o da Ibero-Am\u00e9rica, que engloba pa\u00edses da Am\u00e9rica Latina, Espanha e Portugal, a m\u00fasica desempenha um papel de destaque nas rela\u00e7\u00f5es internacionais e na promo\u00e7\u00e3o da compreens\u00e3o m\u00fatua. Dos Andes at\u00e9 as plan\u00edcies espanholas, das margens do Rio da Prata \u00e0s praias<\/p>\n<p>lusitanas, a m\u00fasica se torna um elo vital entre na\u00e7\u00f5es, estabelecendo uma ponte n\u00e3o apenas entre culturas, mas que tamb\u00e9m atravessa quest\u00f5es sociais, pol\u00edticas e econ\u00f4micas.<\/p>\n<p>&nbsp;<\/p>\n<p>Nesse contexto, a artista e analista internacional Isabella Bretz, residente em Portugal, busca compreender de que maneira a m\u00fasica desempenha um papel fundamental na conex\u00e3o e constru\u00e7\u00e3o de rela\u00e7\u00f5es internacionais na Ibero-Am\u00e9rica. Como uma linguagem compartilhada, ela transcende fronteiras e cultiva um terreno f\u00e9rtil para a promo\u00e7\u00e3o de parcerias e coopera\u00e7\u00e3o, nessa uma regi\u00e3o com ra\u00edzes hist\u00f3ricas e culturais profundas.<\/p>\n<p>&nbsp;<\/p>\n<p>O estudo abordar\u00e1 possibilidades e desafios para que festivais e artistas atuem como embaixadores culturais, fortalecendo os la\u00e7os diplom\u00e1ticos e econ\u00f4micos entre os pa\u00edses ibero-americanos.<\/p>\n<p>&nbsp;<\/p>\n<p>Al\u00e9m disso, a pesquisa adotar\u00e1 uma abordagem inclusiva e abrangente ao considerar g\u00eanero, etnia e sustentabilidade no contexto da diplomacia cultural atrav\u00e9s da m\u00fasica na Ibero-Am\u00e9rica. Ao examinar o estado atual da igualdade de g\u00eanero e igualdade racial\/\u00e9tnica na ind\u00fastria da m\u00fasica na<\/p>\n<p>regi\u00e3o, Isabella buscar\u00e1 identificar desequil\u00edbrios e oportunidades de melhorias, bem como reconhecimento de iniciativas de sucesso.<\/p>\n<p>&nbsp;<\/p>\n<p>A pesquisa vai explorar como a m\u00fasica pode desempenhar um papel importante na promo\u00e7\u00e3o dessas quest\u00f5es, influenciando a cria\u00e7\u00e3o e a manuten\u00e7\u00e3o de pol\u00edticas p\u00fablicas que visam garantir uma maior igualdade de oportunidades e inclus\u00e3o para m\u00fasicos de diferentes g\u00eaneros e origens \u00e9tnicas.<\/p>\n<p>&nbsp;<\/p>\n<p>A artista brasileira Sol Bueno, residente na \u00e1rea rural de Moeda (Minas Gerais) vai colaborar com a pesquisa atrav\u00e9s de sua experi\u00eancia como articuladora cultural na Am\u00e9rica Latina. Sol faz parte da produ\u00e7\u00e3o do II D\u00e1ndole Cuerda Brasil, festival de cantautores latino-americanos, que ser\u00e1 em dezembro na Serra da Moeda e na Serra do Cip\u00f3.<\/p>\n<p>&nbsp;<\/p>\n<p>No que diz respeito \u00e0 sustentabilidade, a pesquisa investigar\u00e1 como a m\u00fasica pode ser utilizada como uma plataforma eficaz para aumentar a conscientiza\u00e7\u00e3o sobre quest\u00f5es ambientais na Ibero-Am\u00e9rica. Ela examinar\u00e1 como festivais de m\u00fasica podem adotar pr\u00e1ticas mais sustent\u00e1veis em termos de produ\u00e7\u00e3o e log\u00edstica, bem como os m\u00fasicos podem usar sua influ\u00eancia para promover mensagens ecol\u00f3gicas e inspirar a\u00e7\u00f5es em dire\u00e7\u00e3o a um futuro mais sustent\u00e1vel. Essa abordagem hol\u00edstica visa n\u00e3o apenas entender o impacto da m\u00fasica na diplomacia cultural, mas tamb\u00e9m como a m\u00fasica pode ser uma for\u00e7a positiva para abordar desafios sociais e ambientais cruciais na regi\u00e3o ibero-americana.<\/p>\n<p>&nbsp;<\/p>\n<p>Este projeto de Isabella Bretz venceu o edital do Programa Iberm\u00fasicas 2023 na categoria \u00abAjudas ao Setor Musical em Modalidade Virtual\u00bb.<\/p>\n","protected":false},"excerpt":{"rendered":"<p>A m\u00fasica, ao longo da hist\u00f3ria, tem sido muito mais do que uma mera forma de express\u00e3o art\u00edstica. Ela tem servido como uma linguagem universal que transcende barreiras geogr\u00e1ficas e culturais. Na diversa regi\u00e3o da Ibero-Am\u00e9rica, que engloba pa\u00edses da Am\u00e9rica Latina, Espanha e Portugal, a m\u00fasica desempenha um papel de destaque nas rela\u00e7\u00f5es internacionais [&hellip;]<\/p>\n","protected":false},"author":7,"featured_media":18083,"comment_status":"closed","ping_status":"closed","sticky":false,"template":"","format":"standard","meta":{"footnotes":""},"categories":[218],"tags":[],"class_list":["post-17875","post","type-post","status-publish","format-standard","has-post-thumbnail","hentry","category-noticias-generales-pt"],"lang":"pt","translations":{"pt":17875},"pll_sync_post":[],"post_mailing_queue_ids":[],"_links":{"self":[{"href":"http:\/\/staging.ibermusicas.org\/index.php\/wp-json\/wp\/v2\/posts\/17875","targetHints":{"allow":["GET"]}}],"collection":[{"href":"http:\/\/staging.ibermusicas.org\/index.php\/wp-json\/wp\/v2\/posts"}],"about":[{"href":"http:\/\/staging.ibermusicas.org\/index.php\/wp-json\/wp\/v2\/types\/post"}],"author":[{"embeddable":true,"href":"http:\/\/staging.ibermusicas.org\/index.php\/wp-json\/wp\/v2\/users\/7"}],"replies":[{"embeddable":true,"href":"http:\/\/staging.ibermusicas.org\/index.php\/wp-json\/wp\/v2\/comments?post=17875"}],"version-history":[{"count":1,"href":"http:\/\/staging.ibermusicas.org\/index.php\/wp-json\/wp\/v2\/posts\/17875\/revisions"}],"predecessor-version":[{"id":17876,"href":"http:\/\/staging.ibermusicas.org\/index.php\/wp-json\/wp\/v2\/posts\/17875\/revisions\/17876"}],"wp:featuredmedia":[{"embeddable":true,"href":"http:\/\/staging.ibermusicas.org\/index.php\/wp-json\/wp\/v2\/media\/18083"}],"wp:attachment":[{"href":"http:\/\/staging.ibermusicas.org\/index.php\/wp-json\/wp\/v2\/media?parent=17875"}],"wp:term":[{"taxonomy":"category","embeddable":true,"href":"http:\/\/staging.ibermusicas.org\/index.php\/wp-json\/wp\/v2\/categories?post=17875"},{"taxonomy":"post_tag","embeddable":true,"href":"http:\/\/staging.ibermusicas.org\/index.php\/wp-json\/wp\/v2\/tags?post=17875"}],"curies":[{"name":"wp","href":"https:\/\/api.w.org\/{rel}","templated":true}]}}