{"id":17912,"date":"2024-02-06T19:12:13","date_gmt":"2024-02-06T19:12:13","guid":{"rendered":"http:\/\/staging.ibermusicas.org\/?p=17912"},"modified":"2024-02-28T13:13:20","modified_gmt":"2024-02-28T13:13:20","slug":"laura-art-de-colombia-y-gustavo-pablo-moraga-gonzalez-de-chile-presentan-el-video-de-su-cancion-soy-la-lluvia","status":"publish","type":"post","link":"http:\/\/staging.ibermusicas.org\/index.php\/laura-art-de-colombia-y-gustavo-pablo-moraga-gonzalez-de-chile-presentan-el-video-de-su-cancion-soy-la-lluvia\/","title":{"rendered":"Laura Art de Colombia y Gustavo Pablo Moraga Gonz\u00e1lez de Chile presentan el video de su canci\u00f3n Soy la lluvia"},"content":{"rendered":"<p>El camino es la constancia, una manera de entender la vida desde lo que se hace y se aprende, es m\u00e1s bello a\u00fan cuando los logros son compartidos, al final todos somos maestros y aprendices.<\/p>\n<p>La canci\u00f3n Soy la Lluvia fue premiada en el noveno concurso de Creaci\u00f3n de Canci\u00f3n de Iberm\u00fasicas que fomenta la creaci\u00f3n en colaboraci\u00f3n entre artistas de diferentes pa\u00edses de Iberoam\u00e9rica.<\/p>\n<p>Ver video en: <a href=\"https:\/\/youtu.be\/O5Khyw7rId0\">https:\/\/youtu.be\/O5Khyw7rId0<\/a><\/p>\n","protected":false},"excerpt":{"rendered":"<p>El camino es la constancia, una manera de entender la vida desde lo que se hace y se aprende, es m\u00e1s bello a\u00fan cuando los logros son compartidos, al final todos somos maestros y aprendices. La canci\u00f3n Soy la Lluvia fue premiada en el noveno concurso de Creaci\u00f3n de Canci\u00f3n de Iberm\u00fasicas que fomenta la [&hellip;]<\/p>\n","protected":false},"author":7,"featured_media":17913,"comment_status":"closed","ping_status":"closed","sticky":false,"template":"","format":"standard","meta":{"footnotes":""},"categories":[53],"tags":[],"class_list":["post-17912","post","type-post","status-publish","format-standard","has-post-thumbnail","hentry","category-noticias-generales"],"lang":"es","translations":{"es":17912,"pt":17915},"pll_sync_post":[],"post_mailing_queue_ids":[],"_links":{"self":[{"href":"http:\/\/staging.ibermusicas.org\/index.php\/wp-json\/wp\/v2\/posts\/17912","targetHints":{"allow":["GET"]}}],"collection":[{"href":"http:\/\/staging.ibermusicas.org\/index.php\/wp-json\/wp\/v2\/posts"}],"about":[{"href":"http:\/\/staging.ibermusicas.org\/index.php\/wp-json\/wp\/v2\/types\/post"}],"author":[{"embeddable":true,"href":"http:\/\/staging.ibermusicas.org\/index.php\/wp-json\/wp\/v2\/users\/7"}],"replies":[{"embeddable":true,"href":"http:\/\/staging.ibermusicas.org\/index.php\/wp-json\/wp\/v2\/comments?post=17912"}],"version-history":[{"count":1,"href":"http:\/\/staging.ibermusicas.org\/index.php\/wp-json\/wp\/v2\/posts\/17912\/revisions"}],"predecessor-version":[{"id":17914,"href":"http:\/\/staging.ibermusicas.org\/index.php\/wp-json\/wp\/v2\/posts\/17912\/revisions\/17914"}],"wp:featuredmedia":[{"embeddable":true,"href":"http:\/\/staging.ibermusicas.org\/index.php\/wp-json\/wp\/v2\/media\/17913"}],"wp:attachment":[{"href":"http:\/\/staging.ibermusicas.org\/index.php\/wp-json\/wp\/v2\/media?parent=17912"}],"wp:term":[{"taxonomy":"category","embeddable":true,"href":"http:\/\/staging.ibermusicas.org\/index.php\/wp-json\/wp\/v2\/categories?post=17912"},{"taxonomy":"post_tag","embeddable":true,"href":"http:\/\/staging.ibermusicas.org\/index.php\/wp-json\/wp\/v2\/tags?post=17912"}],"curies":[{"name":"wp","href":"https:\/\/api.w.org\/{rel}","templated":true}]}}