{"id":17915,"date":"2024-02-06T19:13:14","date_gmt":"2024-02-06T19:13:14","guid":{"rendered":"http:\/\/staging.ibermusicas.org\/?p=17915"},"modified":"2024-02-28T13:19:20","modified_gmt":"2024-02-28T13:19:20","slug":"laura-art-da-colombia-e-gustavo-pablo-moraga-gonzalez-do-chile-apresentam-o-video-da-sua-cancao-eu-sou-a-chuva","status":"publish","type":"post","link":"http:\/\/staging.ibermusicas.org\/index.php\/laura-art-da-colombia-e-gustavo-pablo-moraga-gonzalez-do-chile-apresentam-o-video-da-sua-cancao-eu-sou-a-chuva\/","title":{"rendered":"Laura Art, da Col\u00f4mbia, e Gustavo Pablo Moraga Gonz\u00e1lez,\u00a0 do Chile apresentam o v\u00eddeo da sua can\u00e7\u00e3o Eu sou a chuva"},"content":{"rendered":"<p>O caminho \u00e9 a const\u00e2ncia, uma forma de entender a vida a partir do que se faz e do que se aprende, e \u00e9 ainda mais bonito quando as conquistas s\u00e3o partilhadas, afinal somos todos professores e aprendizes.<\/p>\n<p>&nbsp;<\/p>\n<p>A can\u00e7\u00e3o Soy la Lluvia (Eu sou a chuva) foi premiada no nono Concurso Iberm\u00fasicas de Cria\u00e7\u00e3o de Can\u00e7\u00f5es, que promove a cria\u00e7\u00e3o colaborativa entre artistas de diferentes pa\u00edses da Am\u00e9rica Latina.<\/p>\n<p>&nbsp;<\/p>\n<p>&nbsp;<\/p>\n<p>Ver video em: <a href=\"https:\/\/youtu.be\/O5Khyw7rId0\">https:\/\/youtu.be\/O5Khyw7rId0<\/a><\/p>\n","protected":false},"excerpt":{"rendered":"<p>O caminho \u00e9 a const\u00e2ncia, uma forma de entender a vida a partir do que se faz e do que se aprende, e \u00e9 ainda mais bonito quando as conquistas s\u00e3o partilhadas, afinal somos todos professores e aprendizes. &nbsp; A can\u00e7\u00e3o Soy la Lluvia (Eu sou a chuva) foi premiada no nono Concurso Iberm\u00fasicas de [&hellip;]<\/p>\n","protected":false},"author":7,"featured_media":17913,"comment_status":"closed","ping_status":"closed","sticky":false,"template":"","format":"standard","meta":{"footnotes":""},"categories":[218],"tags":[],"class_list":["post-17915","post","type-post","status-publish","format-standard","has-post-thumbnail","hentry","category-noticias-generales-pt"],"lang":"pt","translations":{"pt":17915,"es":17912},"pll_sync_post":[],"post_mailing_queue_ids":[],"_links":{"self":[{"href":"http:\/\/staging.ibermusicas.org\/index.php\/wp-json\/wp\/v2\/posts\/17915","targetHints":{"allow":["GET"]}}],"collection":[{"href":"http:\/\/staging.ibermusicas.org\/index.php\/wp-json\/wp\/v2\/posts"}],"about":[{"href":"http:\/\/staging.ibermusicas.org\/index.php\/wp-json\/wp\/v2\/types\/post"}],"author":[{"embeddable":true,"href":"http:\/\/staging.ibermusicas.org\/index.php\/wp-json\/wp\/v2\/users\/7"}],"replies":[{"embeddable":true,"href":"http:\/\/staging.ibermusicas.org\/index.php\/wp-json\/wp\/v2\/comments?post=17915"}],"version-history":[{"count":1,"href":"http:\/\/staging.ibermusicas.org\/index.php\/wp-json\/wp\/v2\/posts\/17915\/revisions"}],"predecessor-version":[{"id":17916,"href":"http:\/\/staging.ibermusicas.org\/index.php\/wp-json\/wp\/v2\/posts\/17915\/revisions\/17916"}],"wp:featuredmedia":[{"embeddable":true,"href":"http:\/\/staging.ibermusicas.org\/index.php\/wp-json\/wp\/v2\/media\/17913"}],"wp:attachment":[{"href":"http:\/\/staging.ibermusicas.org\/index.php\/wp-json\/wp\/v2\/media?parent=17915"}],"wp:term":[{"taxonomy":"category","embeddable":true,"href":"http:\/\/staging.ibermusicas.org\/index.php\/wp-json\/wp\/v2\/categories?post=17915"},{"taxonomy":"post_tag","embeddable":true,"href":"http:\/\/staging.ibermusicas.org\/index.php\/wp-json\/wp\/v2\/tags?post=17915"}],"curies":[{"name":"wp","href":"https:\/\/api.w.org\/{rel}","templated":true}]}}