{"id":17917,"date":"2024-02-06T19:14:45","date_gmt":"2024-02-06T19:14:45","guid":{"rendered":"http:\/\/staging.ibermusicas.org\/?p=17917"},"modified":"2024-02-06T19:14:45","modified_gmt":"2024-02-06T19:14:45","slug":"el-proyecto-sonda-llega-a-su-primer-destino","status":"publish","type":"post","link":"http:\/\/staging.ibermusicas.org\/index.php\/el-proyecto-sonda-llega-a-su-primer-destino\/","title":{"rendered":"El proyecto SONDA llega a su primer destino"},"content":{"rendered":"<p>El proyecto de creaci\u00f3n colaborativa intensiva, donde participan 12 artistas latinoamericanos provenientes de cuatro sellos de arte sonoro y m\u00fasica experimental, presenta sus primeras creaciones.<\/p>\n<p>&nbsp;<\/p>\n<p>SONDA es apoyado por Iberm\u00fasicas e impulsado por Enjambre de Argentina en colaboraci\u00f3n con Rayo Seco Discos de Argentina, Tape Loop Lab de Colombia, Archivo Veintid\u00f3s de Chile (CO), y Grumel de Argentina.<\/p>\n<p>&nbsp;<\/p>\n<p>Partiendo de un repositorio sonoro com\u00fan, las cuatro sondas creativas se embarcaron en un laboratorio de colaboraci\u00f3n. El formato facilit\u00f3 la reflexi\u00f3n y cocreaci\u00f3n, un tiempo para intervenir, modificar, copipastiar y reinventar. La mirada de artistas visuales expandieron y complementaron las creaciones sonoras. Los resultados, 7 piezas audiovisuales, est\u00e1n disponibles en https:\/\/sonda.cc.<\/p>\n<p>&nbsp;<\/p>\n<p>Las piezas son collages sonoros: cassette loops, grabaciones de campo, samples, improvisaciones, juguetes sonoros&#8230; En algunos tracks el movimiento se toma como motor creativo, otras son reflexiones sobre la memoria en estos tiempos desafiantes que transitamos, algunas pueden verse como resistencias creativas. Glitch art, elementos org\u00e1nicos, est\u00e9tica VHS, sonidos de la naturaleza\u2026 todos conviven en las creaciones de las cuatro sondas creativas generadas.<\/p>\n<p>&nbsp;<\/p>\n<p>En esta primera edici\u00f3n el proyecto SONDA busc\u00f3 experimentar con nuevos formatos de intercambio, de investigaci\u00f3n y provocaci\u00f3n compartida: en un mundo que incentiva y se ahoga en la hiperproducci\u00f3n art\u00edstica\/digital y en la obsolescencia instant\u00e1nea, SONDA quiere plantear nuevas narrativas, nuevas l\u00f3gicas de colaboraci\u00f3n transversales, una construcci\u00f3n acumulativa desde materiales sonoros que se disponen para que sean repensados, reformulados&#8230; De esta manera, SONDA busca amplificar la noci\u00f3n de circularidad, reciclado y compostaje en los procesos culturales y art\u00edsticos.<\/p>\n<p>&nbsp;<\/p>\n<p>Durante febrero y marzo, el CASo (Centro de Arte Sonoro) en Buenos Aires propone una instalaci\u00f3n sonora para poder conocer y escuchar el proceso y las creaciones de SONDA.<\/p>\n<p>&nbsp;<\/p>\n<p>SONDA es un proyecto que ha sido premiado por Iberm\u00fasicas mediante sus Ayudas al Sector Musical en Modalidad Virtual.<\/p>\n<p>&nbsp;<\/p>\n<p>&nbsp;<\/p>\n<ul>\n<li>Desde el 1ero de febrero en Centro de Arte Sonoro, Riobamba 985, 3er piso, Ciudad de Buenos Aires, Argentina<\/li>\n<\/ul>\n","protected":false},"excerpt":{"rendered":"<p>El proyecto de creaci\u00f3n colaborativa intensiva, donde participan 12 artistas latinoamericanos provenientes de cuatro sellos de arte sonoro y m\u00fasica experimental, presenta sus primeras creaciones. &nbsp; SONDA es apoyado por Iberm\u00fasicas e impulsado por Enjambre de Argentina en colaboraci\u00f3n con Rayo Seco Discos de Argentina, Tape Loop Lab de Colombia, Archivo Veintid\u00f3s de Chile (CO), [&hellip;]<\/p>\n","protected":false},"author":7,"featured_media":17918,"comment_status":"closed","ping_status":"closed","sticky":false,"template":"","format":"standard","meta":{"footnotes":""},"categories":[53],"tags":[],"class_list":["post-17917","post","type-post","status-publish","format-standard","has-post-thumbnail","hentry","category-noticias-generales"],"lang":"es","translations":{"es":17917,"pt":17920},"pll_sync_post":[],"post_mailing_queue_ids":[],"_links":{"self":[{"href":"http:\/\/staging.ibermusicas.org\/index.php\/wp-json\/wp\/v2\/posts\/17917","targetHints":{"allow":["GET"]}}],"collection":[{"href":"http:\/\/staging.ibermusicas.org\/index.php\/wp-json\/wp\/v2\/posts"}],"about":[{"href":"http:\/\/staging.ibermusicas.org\/index.php\/wp-json\/wp\/v2\/types\/post"}],"author":[{"embeddable":true,"href":"http:\/\/staging.ibermusicas.org\/index.php\/wp-json\/wp\/v2\/users\/7"}],"replies":[{"embeddable":true,"href":"http:\/\/staging.ibermusicas.org\/index.php\/wp-json\/wp\/v2\/comments?post=17917"}],"version-history":[{"count":1,"href":"http:\/\/staging.ibermusicas.org\/index.php\/wp-json\/wp\/v2\/posts\/17917\/revisions"}],"predecessor-version":[{"id":17919,"href":"http:\/\/staging.ibermusicas.org\/index.php\/wp-json\/wp\/v2\/posts\/17917\/revisions\/17919"}],"wp:featuredmedia":[{"embeddable":true,"href":"http:\/\/staging.ibermusicas.org\/index.php\/wp-json\/wp\/v2\/media\/17918"}],"wp:attachment":[{"href":"http:\/\/staging.ibermusicas.org\/index.php\/wp-json\/wp\/v2\/media?parent=17917"}],"wp:term":[{"taxonomy":"category","embeddable":true,"href":"http:\/\/staging.ibermusicas.org\/index.php\/wp-json\/wp\/v2\/categories?post=17917"},{"taxonomy":"post_tag","embeddable":true,"href":"http:\/\/staging.ibermusicas.org\/index.php\/wp-json\/wp\/v2\/tags?post=17917"}],"curies":[{"name":"wp","href":"https:\/\/api.w.org\/{rel}","templated":true}]}}