{"id":17920,"date":"2024-02-06T19:16:10","date_gmt":"2024-02-06T19:16:10","guid":{"rendered":"http:\/\/staging.ibermusicas.org\/?p=17920"},"modified":"2024-02-06T19:16:10","modified_gmt":"2024-02-06T19:16:10","slug":"o-projeto-sonda-chega-ao-seu-primeiro-destino","status":"publish","type":"post","link":"http:\/\/staging.ibermusicas.org\/index.php\/o-projeto-sonda-chega-ao-seu-primeiro-destino\/","title":{"rendered":"O projeto SONDA chega ao seu primeiro destino"},"content":{"rendered":"<p>O projeto intensivo de cria\u00e7\u00e3o colaborativa, no qual participam 12 artistas latino-americanos de quatro editoras de arte sonora e m\u00fasica experimental, apresenta as suas primeiras cria\u00e7\u00f5es.<\/p>\n<p>&nbsp;<\/p>\n<p>SONDA \u00e9 apoiado por Iberm\u00fasicas e promovido por Enjambre da Argentina em colabora\u00e7\u00e3o com Rayo Seco Discos da Argentina, Tape Loop Lab da Col\u00f4mbia, Archivo Veintid\u00f3s do Chile, e Grumel da Argentina.<\/p>\n<p>&nbsp;<\/p>\n<p>Partindo de um reposit\u00f3rio sonoro comum, as quatro sondas criativas embarcaram num laborat\u00f3rio colaborativo. O formato facilitou a reflex\u00e3o e a co-cria\u00e7\u00e3o, um momento para intervir, modificar, copiparticipar e reinventar. O olhar dos artistas visuais expandiu e acrescentou as cria\u00e7\u00f5es sonoras. O resultado, 7 pe\u00e7as audiovisuais, est\u00e1 dispon\u00edvel em https:\/\/sonda.cc.<\/p>\n<p>&nbsp;<\/p>\n<p>As pe\u00e7as s\u00e3o colagens sonoras: loops de cassetes, grava\u00e7\u00f5es de campo, samples, improvisa\u00e7\u00f5es, brinquedos sonoros\u2026 Nalgumas faixas o movimento \u00e9 tomado como motor criativo, outras s\u00e3o reflex\u00f5es sobre a mem\u00f3ria nos tempos dif\u00edceis em que vivemos, outras ainda podem ser vistas como resist\u00eancias criativas. Glitch art, elementos org\u00e2nicos, est\u00e9tica VHS, sons da natureza&#8230; coexistem nas cria\u00e7\u00f5es das quatro sondas criativas geradas.<\/p>\n<p>&nbsp;<\/p>\n<p>Nesta primeira edi\u00e7\u00e3o, o projeto SONDA procurou experimentar novos formatos de interc\u00e2mbio, pesquisa e provoca\u00e7\u00e3o partilhada: num mundo que fomenta e se afoga na hiperprodu\u00e7\u00e3o art\u00edstica\/digital e na obsolesc\u00eancia instant\u00e2nea, SONDA quer propor novas narrativas, novas l\u00f3gicas de colabora\u00e7\u00e3o transversal, uma constru\u00e7\u00e3o cumulativa a partir de materiais sonoros que se disp\u00f5em a ser repensados, reformulados&#8230; Desta forma, SONDA procura amplificar a no\u00e7\u00e3o de circularidade, reciclagem e compostagem nos processos culturais e art\u00edsticos.<\/p>\n<p>&nbsp;<\/p>\n<p>Durante os meses de fevereiro e mar\u00e7o, o CASo (Centro de Arte Sonoro) de Buenos Aires prop\u00f5e uma instala\u00e7\u00e3o sonora para conhecer e escutar o processo e as cria\u00e7\u00f5es de SONDA.<\/p>\n<p>&nbsp;<\/p>\n<p>SONDA \u00e9 um projeto que foi premiado pelo Programa Iberm\u00fasicas atrav\u00e9s das suas Ajudas ao Sector Musical em Modalidade Virtual.<\/p>\n<p>A partir de 1 de fevereiro no Centro de Arte Sonoro, Riobamba 985, 3\u00ba andar, Cidade de Buenos Aires, Argentina.<\/p>\n","protected":false},"excerpt":{"rendered":"<p>O projeto intensivo de cria\u00e7\u00e3o colaborativa, no qual participam 12 artistas latino-americanos de quatro editoras de arte sonora e m\u00fasica experimental, apresenta as suas primeiras cria\u00e7\u00f5es. &nbsp; SONDA \u00e9 apoiado por Iberm\u00fasicas e promovido por Enjambre da Argentina em colabora\u00e7\u00e3o com Rayo Seco Discos da Argentina, Tape Loop Lab da Col\u00f4mbia, Archivo Veintid\u00f3s do Chile, [&hellip;]<\/p>\n","protected":false},"author":7,"featured_media":17918,"comment_status":"closed","ping_status":"closed","sticky":false,"template":"","format":"standard","meta":{"footnotes":""},"categories":[218],"tags":[],"class_list":["post-17920","post","type-post","status-publish","format-standard","has-post-thumbnail","hentry","category-noticias-generales-pt"],"lang":"pt","translations":{"pt":17920,"es":17917},"pll_sync_post":[],"post_mailing_queue_ids":[],"_links":{"self":[{"href":"http:\/\/staging.ibermusicas.org\/index.php\/wp-json\/wp\/v2\/posts\/17920","targetHints":{"allow":["GET"]}}],"collection":[{"href":"http:\/\/staging.ibermusicas.org\/index.php\/wp-json\/wp\/v2\/posts"}],"about":[{"href":"http:\/\/staging.ibermusicas.org\/index.php\/wp-json\/wp\/v2\/types\/post"}],"author":[{"embeddable":true,"href":"http:\/\/staging.ibermusicas.org\/index.php\/wp-json\/wp\/v2\/users\/7"}],"replies":[{"embeddable":true,"href":"http:\/\/staging.ibermusicas.org\/index.php\/wp-json\/wp\/v2\/comments?post=17920"}],"version-history":[{"count":1,"href":"http:\/\/staging.ibermusicas.org\/index.php\/wp-json\/wp\/v2\/posts\/17920\/revisions"}],"predecessor-version":[{"id":17921,"href":"http:\/\/staging.ibermusicas.org\/index.php\/wp-json\/wp\/v2\/posts\/17920\/revisions\/17921"}],"wp:featuredmedia":[{"embeddable":true,"href":"http:\/\/staging.ibermusicas.org\/index.php\/wp-json\/wp\/v2\/media\/17918"}],"wp:attachment":[{"href":"http:\/\/staging.ibermusicas.org\/index.php\/wp-json\/wp\/v2\/media?parent=17920"}],"wp:term":[{"taxonomy":"category","embeddable":true,"href":"http:\/\/staging.ibermusicas.org\/index.php\/wp-json\/wp\/v2\/categories?post=17920"},{"taxonomy":"post_tag","embeddable":true,"href":"http:\/\/staging.ibermusicas.org\/index.php\/wp-json\/wp\/v2\/tags?post=17920"}],"curies":[{"name":"wp","href":"https:\/\/api.w.org\/{rel}","templated":true}]}}