{"id":17922,"date":"2024-02-06T19:41:03","date_gmt":"2024-02-06T19:41:03","guid":{"rendered":"http:\/\/staging.ibermusicas.org\/?p=17922"},"modified":"2024-02-28T13:11:11","modified_gmt":"2024-02-28T13:11:11","slug":"la-cantante-compositora-y-musicologa-brasilena-ligiana-costa-inicia-su-trabajo-en-juilliard-school-of-music-de-nueva-york-para-el-estreno-de-la-opera-erismena","status":"publish","type":"post","link":"http:\/\/staging.ibermusicas.org\/index.php\/la-cantante-compositora-y-musicologa-brasilena-ligiana-costa-inicia-su-trabajo-en-juilliard-school-of-music-de-nueva-york-para-el-estreno-de-la-opera-erismena\/","title":{"rendered":"La cantante, compositora y music\u00f3loga brasile\u00f1a Ligiana Costa inicia su trabajo en Juilliard School of Music de Nueva York para el estreno de la \u00f3pera Erismena"},"content":{"rendered":"<p>La cantante, compositora y music\u00f3loga brasile\u00f1a Ligiana Costa participar\u00e1 como dramaturgista en la \u00f3pera Erismena de\u00a0 Cavalli por invitaci\u00f3n de la directora holandesa-peruana Lisenka Heijboer Casta\u00f1\u00f3n dentro del programa de formaci\u00f3n de la Juilliard School of Music de Nueva York.<\/p>\n<p>&nbsp;<\/p>\n<p>Esta experiencia es en cierto modo la culminaci\u00f3n de la formaci\u00f3n de Ligiana Costa como music\u00f3loga y dramaturgista. Su objeto de doctorado es la \u00f3pera del siglo XVII con el aporte de su experiencia en la \u00f3pera desde una perspectiva sudamericana, decolonial e innovadora.<\/p>\n<p>&nbsp;<\/p>\n<p>Adem\u00e1s, el trabajo en complicidad entre dos mujeres feministas del sur global dentro de un contexto oper\u00edstico, conocido por ser un espacio extremadamente masculino, es en s\u00ed mismo una innovaci\u00f3n. En este caso es importante decir que Erismena es una \u00f3pera sobre una mujer en estado de empoderamiento y autodescubrimiento. Por este motivo, se trata de una obra que aborda principalmente las luchas y los problemas de las mujeres de hoy en d\u00eda en la narraci\u00f3n de una \u00f3pera del siglo XVII en una de las escuelas de m\u00fasica m\u00e1s importantes del mundo.<\/p>\n<p>&nbsp;<\/p>\n<p>Ligiana Costa es una music\u00f3loga brasile\u00f1a que se destaca en un papel todav\u00eda poco frecuente en la producci\u00f3n oper\u00edstica sudamericana: el de dramaturgia. En este papel transmite al campo pr\u00e1ctico sus conocimientos acad\u00e9micos adquiridos a lo largo de a\u00f1os de estudio. Son an\u00e1lisis, lecturas y aperturas a posibilidades que aporta a la preparaci\u00f3n de las \u00f3peras y que sirven de marco para la conceptualizaci\u00f3n de la puesta en escena. Su trabajo se ha caracterizado por una intensa b\u00fasqueda para hacer de la dramaturgia un factor descolonizador del entorno y la praxis oper\u00edstica.<\/p>\n<p>&nbsp;<\/p>\n<p>Ligiana Costa ha sido ganadora de las Ayudas a la Circulaci\u00f3n, convocatoria 2023 del Programa Iberm\u00fasicas.<\/p>\n<p>&nbsp;<\/p>\n<p>&nbsp;<\/p>\n<ul>\n<li>Del 16 de enero al 25 de febrero en Juilliard School of Music, Nueva York, Estados Unidos<\/li>\n<\/ul>\n","protected":false},"excerpt":{"rendered":"<p>La cantante, compositora y music\u00f3loga brasile\u00f1a Ligiana Costa participar\u00e1 como dramaturgista en la \u00f3pera Erismena de\u00a0 Cavalli por invitaci\u00f3n de la directora holandesa-peruana Lisenka Heijboer Casta\u00f1\u00f3n dentro del programa de formaci\u00f3n de la Juilliard School of Music de Nueva York. &nbsp; Esta experiencia es en cierto modo la culminaci\u00f3n de la formaci\u00f3n de Ligiana Costa [&hellip;]<\/p>\n","protected":false},"author":7,"featured_media":17923,"comment_status":"closed","ping_status":"closed","sticky":false,"template":"","format":"standard","meta":{"footnotes":""},"categories":[53],"tags":[],"class_list":["post-17922","post","type-post","status-publish","format-standard","has-post-thumbnail","hentry","category-noticias-generales"],"lang":"es","translations":{"es":17922,"pt":17925},"pll_sync_post":[],"post_mailing_queue_ids":[],"_links":{"self":[{"href":"http:\/\/staging.ibermusicas.org\/index.php\/wp-json\/wp\/v2\/posts\/17922","targetHints":{"allow":["GET"]}}],"collection":[{"href":"http:\/\/staging.ibermusicas.org\/index.php\/wp-json\/wp\/v2\/posts"}],"about":[{"href":"http:\/\/staging.ibermusicas.org\/index.php\/wp-json\/wp\/v2\/types\/post"}],"author":[{"embeddable":true,"href":"http:\/\/staging.ibermusicas.org\/index.php\/wp-json\/wp\/v2\/users\/7"}],"replies":[{"embeddable":true,"href":"http:\/\/staging.ibermusicas.org\/index.php\/wp-json\/wp\/v2\/comments?post=17922"}],"version-history":[{"count":1,"href":"http:\/\/staging.ibermusicas.org\/index.php\/wp-json\/wp\/v2\/posts\/17922\/revisions"}],"predecessor-version":[{"id":17924,"href":"http:\/\/staging.ibermusicas.org\/index.php\/wp-json\/wp\/v2\/posts\/17922\/revisions\/17924"}],"wp:featuredmedia":[{"embeddable":true,"href":"http:\/\/staging.ibermusicas.org\/index.php\/wp-json\/wp\/v2\/media\/17923"}],"wp:attachment":[{"href":"http:\/\/staging.ibermusicas.org\/index.php\/wp-json\/wp\/v2\/media?parent=17922"}],"wp:term":[{"taxonomy":"category","embeddable":true,"href":"http:\/\/staging.ibermusicas.org\/index.php\/wp-json\/wp\/v2\/categories?post=17922"},{"taxonomy":"post_tag","embeddable":true,"href":"http:\/\/staging.ibermusicas.org\/index.php\/wp-json\/wp\/v2\/tags?post=17922"}],"curies":[{"name":"wp","href":"https:\/\/api.w.org\/{rel}","templated":true}]}}