{"id":17925,"date":"2024-02-06T19:42:39","date_gmt":"2024-02-06T19:42:39","guid":{"rendered":"http:\/\/staging.ibermusicas.org\/?p=17925"},"modified":"2024-02-28T13:19:14","modified_gmt":"2024-02-28T13:19:14","slug":"a-cantora-compositora-e-musicologa-brasileira-ligiana-costa-comeca-a-trabalhar-na-juilliard-school-of-music-em-nova-york-para-a-estreia-da-opera-erismena","status":"publish","type":"post","link":"http:\/\/staging.ibermusicas.org\/index.php\/a-cantora-compositora-e-musicologa-brasileira-ligiana-costa-comeca-a-trabalhar-na-juilliard-school-of-music-em-nova-york-para-a-estreia-da-opera-erismena\/","title":{"rendered":"A cantora, compositora e music\u00f3loga brasileira Ligiana Costa come\u00e7a a trabalhar na Juilliard School of Music, em Nova York, para a estreia da \u00f3pera Erismena"},"content":{"rendered":"<p>A cantora, compositora e music\u00f3loga brasileira Ligiana Cosa participar\u00e1 como dramaturgista da \u00f3pera Erismena, de Cavalli, a convite da diretora holandesa-peruana Lisenka Heijboer Casta\u00f1\u00f3n, como parte do programa de treinamento na Juilliard School of Music, em Nova York.<\/p>\n<p>&nbsp;<\/p>\n<p>Essa experi\u00eancia \u00e9, de certa forma, o ponto culminante do treinamento de Ligiana Costa como music\u00f3loga e dramaturgista. Seu tema de doutorado \u00e9 a \u00f3pera do s\u00e9culo XVII, com a contribui\u00e7\u00e3o de sua experi\u00eancia em \u00f3pera a partir de uma perspectiva sul-americana, decolonial e inovadora.<\/p>\n<p>&nbsp;<\/p>\n<p>Al\u00e9m disso, o trabalho em cumplicidade entre duas mulheres feministas do sul global em um contexto de \u00f3pera, conhecido por ser um espa\u00e7o extremamente masculino, \u00e9, por si s\u00f3, uma inova\u00e7\u00e3o. Nesse caso, \u00e9 importante dizer que Erismena \u00e9 uma \u00f3pera sobre uma mulher em um estado de empoderamento e autodescoberta. Por essa raz\u00e3o, \u00e9 uma obra que aborda principalmente as lutas e os problemas das mulheres de hoje na narra\u00e7\u00e3o de uma \u00f3pera do s\u00e9culo XVII em uma das mais importantes escolas de m\u00fasica do mundo.<\/p>\n<p>&nbsp;<\/p>\n<p>Ligiana Costa \u00e9 uma music\u00f3loga brasileira que se destaca em uma fun\u00e7\u00e3o ainda rara na produ\u00e7\u00e3o de \u00f3pera sul-americana: a dramaturgia. Nessa fun\u00e7\u00e3o, ela transmite para o campo pr\u00e1tico seu conhecimento acad\u00eamico adquirido ao longo de anos de estudo. S\u00e3o an\u00e1lises, leituras e aberturas de possibilidades que ela traz para a prepara\u00e7\u00e3o das \u00f3peras e que servem de estrutura para a conceitua\u00e7\u00e3o da encena\u00e7\u00e3o. Seu trabalho tem se caracterizado por uma intensa busca para tornar a dramaturgia um fator descolonizador no ambiente e na pr\u00e1tica oper\u00edstica.<\/p>\n<p>&nbsp;<\/p>\n<p>Ligiana Costa foi a vencedora das Ajudas para Circula\u00e7\u00e3o, chamada 2023 do Programa Iberm\u00fasicas.<\/p>\n<p>&nbsp;<\/p>\n<p>De 16 de janeiro a 25 de fevereiro na Juilliard School of Music, Nova York, EUA<\/p>\n","protected":false},"excerpt":{"rendered":"<p>A cantora, compositora e music\u00f3loga brasileira Ligiana Cosa participar\u00e1 como dramaturgista da \u00f3pera Erismena, de Cavalli, a convite da diretora holandesa-peruana Lisenka Heijboer Casta\u00f1\u00f3n, como parte do programa de treinamento na Juilliard School of Music, em Nova York. &nbsp; Essa experi\u00eancia \u00e9, de certa forma, o ponto culminante do treinamento de Ligiana Costa como music\u00f3loga [&hellip;]<\/p>\n","protected":false},"author":7,"featured_media":17923,"comment_status":"closed","ping_status":"closed","sticky":false,"template":"","format":"standard","meta":{"footnotes":""},"categories":[218],"tags":[],"class_list":["post-17925","post","type-post","status-publish","format-standard","has-post-thumbnail","hentry","category-noticias-generales-pt"],"lang":"pt","translations":{"pt":17925,"es":17922},"pll_sync_post":[],"post_mailing_queue_ids":[],"_links":{"self":[{"href":"http:\/\/staging.ibermusicas.org\/index.php\/wp-json\/wp\/v2\/posts\/17925","targetHints":{"allow":["GET"]}}],"collection":[{"href":"http:\/\/staging.ibermusicas.org\/index.php\/wp-json\/wp\/v2\/posts"}],"about":[{"href":"http:\/\/staging.ibermusicas.org\/index.php\/wp-json\/wp\/v2\/types\/post"}],"author":[{"embeddable":true,"href":"http:\/\/staging.ibermusicas.org\/index.php\/wp-json\/wp\/v2\/users\/7"}],"replies":[{"embeddable":true,"href":"http:\/\/staging.ibermusicas.org\/index.php\/wp-json\/wp\/v2\/comments?post=17925"}],"version-history":[{"count":1,"href":"http:\/\/staging.ibermusicas.org\/index.php\/wp-json\/wp\/v2\/posts\/17925\/revisions"}],"predecessor-version":[{"id":17926,"href":"http:\/\/staging.ibermusicas.org\/index.php\/wp-json\/wp\/v2\/posts\/17925\/revisions\/17926"}],"wp:featuredmedia":[{"embeddable":true,"href":"http:\/\/staging.ibermusicas.org\/index.php\/wp-json\/wp\/v2\/media\/17923"}],"wp:attachment":[{"href":"http:\/\/staging.ibermusicas.org\/index.php\/wp-json\/wp\/v2\/media?parent=17925"}],"wp:term":[{"taxonomy":"category","embeddable":true,"href":"http:\/\/staging.ibermusicas.org\/index.php\/wp-json\/wp\/v2\/categories?post=17925"},{"taxonomy":"post_tag","embeddable":true,"href":"http:\/\/staging.ibermusicas.org\/index.php\/wp-json\/wp\/v2\/tags?post=17925"}],"curies":[{"name":"wp","href":"https:\/\/api.w.org\/{rel}","templated":true}]}}