{"id":17927,"date":"2024-02-06T19:46:27","date_gmt":"2024-02-06T19:46:27","guid":{"rendered":"http:\/\/staging.ibermusicas.org\/?p=17927"},"modified":"2024-02-28T13:11:05","modified_gmt":"2024-02-28T13:11:05","slug":"el-cantautor-uruguayo-diego-maturro-realizara-una-gira-por-la-patagonia-argentina","status":"publish","type":"post","link":"http:\/\/staging.ibermusicas.org\/index.php\/el-cantautor-uruguayo-diego-maturro-realizara-una-gira-por-la-patagonia-argentina\/","title":{"rendered":"El cantautor uruguayo Diego Maturro realizar\u00e1 una gira por la Patagonia argentina"},"content":{"rendered":"<p>Diego Maturro es un cantautor y productor nacido en 1986 en Montevideo, Uruguay. Con m\u00e1s de 10 discos publicados entre sus distintos proyectos (Sirilo, Los Prolijos, Diego Matturro). Forma parte de una nueva generaci\u00f3n de canciones en el universo pop-rock uruguayo. Abocado a la composici\u00f3n y a su proyecto personal, es reciente ganador de 3 Premios Graffiti 2023 por su disco \u201cConflicto de Intereses\u201d (Mejor \u00e1lbum pop, Productor del a\u00f1o, Mejor dise\u00f1o de arte).<\/p>\n<p>&nbsp;<\/p>\n<p>Ha realizado presentaciones en vivo en Uruguay, Argentina, Brasil y Paraguay, compartiendo escenario con NTVG, La Vela Puerca, Arnaldo Antunes, Ciro y los Persas, Abel Pintos, Vicentico entre otros. Actualmente se encuentra presentando su \u00faltimo trabajo \u201cAmor Odio Tiempo Plata\u201d.<\/p>\n<p>&nbsp;<\/p>\n<p>En su show recorre varios estados y climas, maneja diferentes tipos de instrumentaci\u00f3n pasando por canciones \u00edntimas a guitarra y voz hasta estribillos de rock.<\/p>\n<p>&nbsp;<\/p>\n<p>Diego Maturro ha sido ganador de las convocatorias 2023 de Iberm\u00fasicas en la modalidad de\u00a0 \u201cAyudas al Sector Musical para la Circulaci\u00f3n\u201d<\/p>\n<p>&nbsp;<\/p>\n<ul>\n<li>18 de febrero: Camping Los Alerces &#8211; El Bols\u00f3n, R\u00edo Negro, Argentina<\/li>\n<li>19 de febrero: Punto 40 &#8211; Epuy\u00e9n, Chubut, Argentina<\/li>\n<li>20 de febrero: Nen\u00e9 &#8211; Bariloche, R\u00edo Negro, Argentina<\/li>\n<li>21 de febrero: Morphen &#8211; San Mart\u00edn de Los Andes, Neuqu\u00e9n, Argentina<\/li>\n<li>22 de febrero: La Neco &#8211; Jun\u00edn de los Andes, Neuqu\u00e9n, Argentina<\/li>\n<li>23 de febrero: Viejo Fred &#8211; Villa La Angostura, Neuqu\u00e9n, Argentina<\/li>\n<\/ul>\n","protected":false},"excerpt":{"rendered":"<p>Diego Maturro es un cantautor y productor nacido en 1986 en Montevideo, Uruguay. Con m\u00e1s de 10 discos publicados entre sus distintos proyectos (Sirilo, Los Prolijos, Diego Matturro). Forma parte de una nueva generaci\u00f3n de canciones en el universo pop-rock uruguayo. Abocado a la composici\u00f3n y a su proyecto personal, es reciente ganador de 3 [&hellip;]<\/p>\n","protected":false},"author":7,"featured_media":17928,"comment_status":"closed","ping_status":"closed","sticky":false,"template":"","format":"standard","meta":{"footnotes":""},"categories":[53],"tags":[],"class_list":["post-17927","post","type-post","status-publish","format-standard","has-post-thumbnail","hentry","category-noticias-generales"],"lang":"es","translations":{"es":17927,"pt":17930},"pll_sync_post":[],"post_mailing_queue_ids":[],"_links":{"self":[{"href":"http:\/\/staging.ibermusicas.org\/index.php\/wp-json\/wp\/v2\/posts\/17927","targetHints":{"allow":["GET"]}}],"collection":[{"href":"http:\/\/staging.ibermusicas.org\/index.php\/wp-json\/wp\/v2\/posts"}],"about":[{"href":"http:\/\/staging.ibermusicas.org\/index.php\/wp-json\/wp\/v2\/types\/post"}],"author":[{"embeddable":true,"href":"http:\/\/staging.ibermusicas.org\/index.php\/wp-json\/wp\/v2\/users\/7"}],"replies":[{"embeddable":true,"href":"http:\/\/staging.ibermusicas.org\/index.php\/wp-json\/wp\/v2\/comments?post=17927"}],"version-history":[{"count":1,"href":"http:\/\/staging.ibermusicas.org\/index.php\/wp-json\/wp\/v2\/posts\/17927\/revisions"}],"predecessor-version":[{"id":17929,"href":"http:\/\/staging.ibermusicas.org\/index.php\/wp-json\/wp\/v2\/posts\/17927\/revisions\/17929"}],"wp:featuredmedia":[{"embeddable":true,"href":"http:\/\/staging.ibermusicas.org\/index.php\/wp-json\/wp\/v2\/media\/17928"}],"wp:attachment":[{"href":"http:\/\/staging.ibermusicas.org\/index.php\/wp-json\/wp\/v2\/media?parent=17927"}],"wp:term":[{"taxonomy":"category","embeddable":true,"href":"http:\/\/staging.ibermusicas.org\/index.php\/wp-json\/wp\/v2\/categories?post=17927"},{"taxonomy":"post_tag","embeddable":true,"href":"http:\/\/staging.ibermusicas.org\/index.php\/wp-json\/wp\/v2\/tags?post=17927"}],"curies":[{"name":"wp","href":"https:\/\/api.w.org\/{rel}","templated":true}]}}