{"id":17930,"date":"2024-02-06T19:47:38","date_gmt":"2024-02-06T19:47:38","guid":{"rendered":"http:\/\/staging.ibermusicas.org\/?p=17930"},"modified":"2024-02-28T13:19:08","modified_gmt":"2024-02-28T13:19:08","slug":"o-cantor-e-compositor-uruguaio-diego-maturro-fara-uma-turne-pela-patagonia-argentina","status":"publish","type":"post","link":"http:\/\/staging.ibermusicas.org\/index.php\/o-cantor-e-compositor-uruguaio-diego-maturro-fara-uma-turne-pela-patagonia-argentina\/","title":{"rendered":"O cantor e compositor uruguaio Diego Maturro far\u00e1 uma turn\u00ea pela Patag\u00f4nia argentina"},"content":{"rendered":"<p>Diego Maturro \u00e9 um cantor, compositor e produtor nascido em 1986 em Montevid\u00e9u, Uruguai. Com mais de 10 \u00e1lbuns publicados entre seus diferentes projetos (Sirilo, Los Prolijos, Diego Matturro). Faz parte de uma nova gera\u00e7\u00e3o de can\u00e7\u00f5es no universo pop-rock uruguaio. Focado na composi\u00e7\u00e3o e em seu projeto pessoal, \u00e9 o recente ganhador de 3 pr\u00eamios Graffiti 2023 por seu \u00e1lbum \u00abConflicto de Intereses\u00bb (Melhor \u00c1lbum Pop, Produtor do Ano, Melhor Desenho Art\u00edstico).<\/p>\n<p>&nbsp;<\/p>\n<p>J\u00e1 se apresentou ao vivo no Uruguai, Argentina, Brasil e Paraguai, dividindo o palco com NTVG, La Vela Puerca, Arnaldo Antunes, Ciro y los Persas, Abel Pintos, Vicentico, entre outros. Atualmente, est\u00e1 apresentando seu \u00faltimo trabalho \u00abAmor Odio Tiempo Plata\u00bb.<\/p>\n<p>&nbsp;<\/p>\n<p>Em seu show, ele passa por diferentes estados e climas, maneja diferentes tipos de instrumenta\u00e7\u00e3o, desde can\u00e7\u00f5es intimistas com viol\u00e3o e voz at\u00e9 refr\u00f5es de rock.<\/p>\n<p>&nbsp;<\/p>\n<p>Diego Maturro foi vencedor da convocat\u00f3ria Iberm\u00fasicas 2023 na modalidade \u00abAjudas ao Setor Musical para a Circula\u00e7\u00e3o\u201d.<\/p>\n<p>&nbsp;<\/p>\n<p>&nbsp;<\/p>\n<ul>\n<li>18 de fevereiro: Camping Los Alerces &#8211; El Bols\u00f3n, R\u00edo Negro, Argentina<\/li>\n<li>19 de fevereiro: Punto 40 &#8211; Epuy\u00e9n, Chubut, Argentina<\/li>\n<li>20 de fevereiro: Nen\u00e9 &#8211; Bariloche, R\u00edo Negro, Argentina<\/li>\n<li>21 de fevereiro: Morphen &#8211; San Mart\u00edn de Los Andes, Neuqu\u00e9n, Argentina<\/li>\n<li>22 de fevereiro: La Neco &#8211; Jun\u00edn de los Andes, Neuqu\u00e9n, Argentina<\/li>\n<li>23 de fevereiro: Viejo Fred &#8211; Villa La Angostura, Neuqu\u00e9n, Argentina<\/li>\n<\/ul>\n","protected":false},"excerpt":{"rendered":"<p>Diego Maturro \u00e9 um cantor, compositor e produtor nascido em 1986 em Montevid\u00e9u, Uruguai. Com mais de 10 \u00e1lbuns publicados entre seus diferentes projetos (Sirilo, Los Prolijos, Diego Matturro). Faz parte de uma nova gera\u00e7\u00e3o de can\u00e7\u00f5es no universo pop-rock uruguaio. Focado na composi\u00e7\u00e3o e em seu projeto pessoal, \u00e9 o recente ganhador de 3 [&hellip;]<\/p>\n","protected":false},"author":7,"featured_media":17928,"comment_status":"closed","ping_status":"closed","sticky":false,"template":"","format":"standard","meta":{"footnotes":""},"categories":[218],"tags":[],"class_list":["post-17930","post","type-post","status-publish","format-standard","has-post-thumbnail","hentry","category-noticias-generales-pt"],"lang":"pt","translations":{"pt":17930,"es":17927},"pll_sync_post":[],"post_mailing_queue_ids":[],"_links":{"self":[{"href":"http:\/\/staging.ibermusicas.org\/index.php\/wp-json\/wp\/v2\/posts\/17930","targetHints":{"allow":["GET"]}}],"collection":[{"href":"http:\/\/staging.ibermusicas.org\/index.php\/wp-json\/wp\/v2\/posts"}],"about":[{"href":"http:\/\/staging.ibermusicas.org\/index.php\/wp-json\/wp\/v2\/types\/post"}],"author":[{"embeddable":true,"href":"http:\/\/staging.ibermusicas.org\/index.php\/wp-json\/wp\/v2\/users\/7"}],"replies":[{"embeddable":true,"href":"http:\/\/staging.ibermusicas.org\/index.php\/wp-json\/wp\/v2\/comments?post=17930"}],"version-history":[{"count":1,"href":"http:\/\/staging.ibermusicas.org\/index.php\/wp-json\/wp\/v2\/posts\/17930\/revisions"}],"predecessor-version":[{"id":17931,"href":"http:\/\/staging.ibermusicas.org\/index.php\/wp-json\/wp\/v2\/posts\/17930\/revisions\/17931"}],"wp:featuredmedia":[{"embeddable":true,"href":"http:\/\/staging.ibermusicas.org\/index.php\/wp-json\/wp\/v2\/media\/17928"}],"wp:attachment":[{"href":"http:\/\/staging.ibermusicas.org\/index.php\/wp-json\/wp\/v2\/media?parent=17930"}],"wp:term":[{"taxonomy":"category","embeddable":true,"href":"http:\/\/staging.ibermusicas.org\/index.php\/wp-json\/wp\/v2\/categories?post=17930"},{"taxonomy":"post_tag","embeddable":true,"href":"http:\/\/staging.ibermusicas.org\/index.php\/wp-json\/wp\/v2\/tags?post=17930"}],"curies":[{"name":"wp","href":"https:\/\/api.w.org\/{rel}","templated":true}]}}