{"id":17932,"date":"2024-02-06T19:49:00","date_gmt":"2024-02-06T19:49:00","guid":{"rendered":"http:\/\/staging.ibermusicas.org\/?p=17932"},"modified":"2024-02-28T13:10:59","modified_gmt":"2024-02-28T13:10:59","slug":"escucha-el-sonido-de-la-lutheria-es-el-curso-de-especializacion-que-realizara-en-chile-el-trompetista-y-luthier-colombiano-carlos-aponte","status":"publish","type":"post","link":"http:\/\/staging.ibermusicas.org\/index.php\/escucha-el-sonido-de-la-lutheria-es-el-curso-de-especializacion-que-realizara-en-chile-el-trompetista-y-luthier-colombiano-carlos-aponte\/","title":{"rendered":"\u201cEscucha el sonido de la luther\u00eda\u201d es el curso de especializaci\u00f3n que realizar\u00e1 en Chile el trompetista y luthier colombiano Carlos Aponte"},"content":{"rendered":"<p>Carlos Eduardo Aponte Ram\u00edrez es un trompetista profesional con varios a\u00f1os de experiencia en mantenimiento y reparaci\u00f3n de instrumentos de viento sinf\u00f3nico. Ha adquirido dicho conocimiento a partir de maestros de diferentes partes de Latinoam\u00e9rica y el mundo (Chile, Brasil, Venezuela, Portugal y Suiza) a partir de congresos y cursos intensivos presenciales y virtuales. Durante su trayectoria ha trabajado sobre la necesidad de promover la cultura del cuidado del instrumento desde pr\u00e1cticas propias de la luther\u00eda. Tambi\u00e9n ha realizado talleres de mantenimiento y reparaci\u00f3n de emergencia a las bandas en municipios como Paratebueno, Cundinamarca (2021), Vista Hermosa, Meta (2021) y la Orquesta Filarm\u00f3nica de Bogot\u00e1 (2022), entre otros. <em>Cada proyecto cultural descrito ha sido realizado a partir de la fundaci\u00f3n de su taller AC M\u00fasica mantenimiento y reparaci\u00f3n de instrumentos musicales en 2017, junto con la gestora cultural y asistente de taller Paula Cabezas Garc\u00eda<\/em>.<\/p>\n<p>&nbsp;<\/p>\n<p>Con el apoyo de Iberm\u00fasicas mediante sus \u201cAyudas para la especializaci\u00f3n y perfeccionamiento art\u00edstico y t\u00e9cnico del sector musical &#8211; 2023\u201d, realizar\u00e1 un curso sobre servicio t\u00e9cnico para instrumentos de viento-metal sinf\u00f3nico en Pe\u00f1aflor, Chile con el maestro Jorge Cerda, en su taller JCBrass. Dicho curso se presenta como una oportunidad para perfeccionar aquellos procedimientos para el funcionamiento, ajuste y mejoramiento de las partes operativas, su mecanismo, as\u00ed como las reparaciones de dichos instrumentos, enfocado en la familia de metales (trompeta, tromb\u00f3n, corneta, bugle, corno, tuba, entre otros).<\/p>\n<p>&nbsp;<\/p>\n<p>Jorge Alberto Cerda Contreras es un trombonista con una amplia experiencia en luther\u00eda especializado en f\u00e1bricas de nivel mundial como Yamaha de Chile y Lechner de Austria. Es coordinador de la Agrupaci\u00f3n Chilena de Luther\u00eda, vicepresidente de la Corporaci\u00f3n de Fomento de Bandas Estudiantiles (Corfobae, Chile) y miembro de la Asociaci\u00f3n Colombiana de Luther\u00eda. Ha participado como relator en m\u00faltiples seminarios nacionales e internacionales sobre servicio t\u00e9cnico y mantenimiento de instrumentos de viento, luther\u00eda y direcci\u00f3n de bandas en organizaciones y empresas como la Asociaci\u00f3n de Luthieres de Brasil, la Asociaci\u00f3n Latinoamericana de Luther\u00eda, Yamaha, entre otros, en m\u00faltiples pa\u00edses como Colombia, Argentina, Venezuela y Brasil, entre otros. Ha ejercido como jefe de servicio t\u00e9cnico en bronces en Flute Service (Chile) y es creador de la empresa JCBrass (servicio t\u00e9cnico integral de instrumentos musicales). Por \u00faltimo, es t\u00e9cnico autorizado de Yamaha Music Latin America LTD.<\/p>\n<p>&nbsp;<\/p>\n<p>Como propuesta de trabajo de finalizaci\u00f3n de curso dar\u00e1 un taller para promover pr\u00e1cticas de mantenimiento preventivo y reparaciones menores a diez int\u00e9rpretes que forman parte de bandas marciales o de marcha de Pe\u00f1aflor, Chile, para los instrumentos sinf\u00f3nicos de viento-metal. Al regresar a Colombia realizar\u00e1 un taller dirigido a la comunidad musical de la Corporaci\u00f3n Departamental de Orquestas Juveniles e Infantiles Batuta Meta en donde se incentiven pr\u00e1cticas propias de la luther\u00eda, enfatizando en el mantenimiento preventivo y reparaciones menores, para artistas formadores y en formaci\u00f3n.<\/p>\n<p>&nbsp;<\/p>\n<p>&nbsp;<\/p>\n<ul>\n<li>19 de febrero al 15 de marzo en JCBrass, Pe\u00f1aflor, Chile<\/li>\n<\/ul>\n","protected":false},"excerpt":{"rendered":"<p>Carlos Eduardo Aponte Ram\u00edrez es un trompetista profesional con varios a\u00f1os de experiencia en mantenimiento y reparaci\u00f3n de instrumentos de viento sinf\u00f3nico. Ha adquirido dicho conocimiento a partir de maestros de diferentes partes de Latinoam\u00e9rica y el mundo (Chile, Brasil, Venezuela, Portugal y Suiza) a partir de congresos y cursos intensivos presenciales y virtuales. Durante [&hellip;]<\/p>\n","protected":false},"author":7,"featured_media":17933,"comment_status":"closed","ping_status":"closed","sticky":false,"template":"","format":"standard","meta":{"footnotes":""},"categories":[53],"tags":[],"class_list":["post-17932","post","type-post","status-publish","format-standard","has-post-thumbnail","hentry","category-noticias-generales"],"lang":"es","translations":{"es":17932,"pt":17935},"pll_sync_post":[],"post_mailing_queue_ids":[],"_links":{"self":[{"href":"http:\/\/staging.ibermusicas.org\/index.php\/wp-json\/wp\/v2\/posts\/17932","targetHints":{"allow":["GET"]}}],"collection":[{"href":"http:\/\/staging.ibermusicas.org\/index.php\/wp-json\/wp\/v2\/posts"}],"about":[{"href":"http:\/\/staging.ibermusicas.org\/index.php\/wp-json\/wp\/v2\/types\/post"}],"author":[{"embeddable":true,"href":"http:\/\/staging.ibermusicas.org\/index.php\/wp-json\/wp\/v2\/users\/7"}],"replies":[{"embeddable":true,"href":"http:\/\/staging.ibermusicas.org\/index.php\/wp-json\/wp\/v2\/comments?post=17932"}],"version-history":[{"count":1,"href":"http:\/\/staging.ibermusicas.org\/index.php\/wp-json\/wp\/v2\/posts\/17932\/revisions"}],"predecessor-version":[{"id":17934,"href":"http:\/\/staging.ibermusicas.org\/index.php\/wp-json\/wp\/v2\/posts\/17932\/revisions\/17934"}],"wp:featuredmedia":[{"embeddable":true,"href":"http:\/\/staging.ibermusicas.org\/index.php\/wp-json\/wp\/v2\/media\/17933"}],"wp:attachment":[{"href":"http:\/\/staging.ibermusicas.org\/index.php\/wp-json\/wp\/v2\/media?parent=17932"}],"wp:term":[{"taxonomy":"category","embeddable":true,"href":"http:\/\/staging.ibermusicas.org\/index.php\/wp-json\/wp\/v2\/categories?post=17932"},{"taxonomy":"post_tag","embeddable":true,"href":"http:\/\/staging.ibermusicas.org\/index.php\/wp-json\/wp\/v2\/tags?post=17932"}],"curies":[{"name":"wp","href":"https:\/\/api.w.org\/{rel}","templated":true}]}}