{"id":17940,"date":"2024-02-06T19:54:19","date_gmt":"2024-02-06T19:54:19","guid":{"rendered":"http:\/\/staging.ibermusicas.org\/?p=17940"},"modified":"2024-02-28T13:14:44","modified_gmt":"2024-02-28T13:14:44","slug":"a-banda-portuguesa-made-of-bones-leva-sua-proposta-de-musica-improvisada-para-colombia","status":"publish","type":"post","link":"http:\/\/staging.ibermusicas.org\/index.php\/a-banda-portuguesa-made-of-bones-leva-sua-proposta-de-musica-improvisada-para-colombia\/","title":{"rendered":"A banda portuguesa Made of Bones leva sua proposta de m\u00fasica improvisada para Col\u00f4mbia"},"content":{"rendered":"<p>Com concertos de m\u00fasica improvisada em v\u00e1rios espa\u00e7os de renome cultural nas cidades de Medell\u00edn e Bogot\u00e1, Col\u00f4mbia e com oficinas de Pr\u00e1ticas Sonoras, a tourn\u00e9 de Made of Bones em colabora\u00e7\u00e3o com o Ensemble [expr]-Taller de pr\u00e1cticas sonoras, pretende ser uma experi\u00eancia cultural enriquecedora para a popula\u00e7\u00e3o local, promovendo o interesse da m\u00fasica improvisada e criando um ambiente inclusivo e agrad\u00e1vel para todas as idades.<\/p>\n<p>&nbsp;<\/p>\n<p>Made of Bones \u00e9 um grupo portugu\u00eas composto por Duarte Fonseca (bateria), Jo\u00e3o Clemente (guitarra), Nuno Santos Dias (teclado Waldorf) e Ricardo Sousa (contra baixo). Os 4 s\u00e3o colaboradores h\u00e1 quase 20 anos e j\u00e1 partilharam in\u00fameras sess\u00f5es de grava\u00e7\u00e3o, concertos e projectos musicais das mais diversas \u00e1reas. J\u00e1 gravaram 4 \u00e1lbuns, 3 deles editados pela editora Profound Whatever e 1 pela Phonogram Unit. A m\u00fasica que fazem \u00e9 caracterizada pela espontaneidade e pela rela\u00e7\u00e3o org\u00e2nica entre os m\u00fasicos.<\/p>\n<p>&nbsp;<\/p>\n<p>Made of Bones foi vencedor do concurso Iberm\u00fasicas 2023 para Ajudas \u00e0 Circula\u00e7\u00e3o.<\/p>\n<p>&nbsp;<\/p>\n<p>&nbsp;<\/p>\n<p>Concertos de 23 de fevereiro a 1 de mar\u00e7o em:<\/p>\n<p>&nbsp;<\/p>\n<ul>\n<li>La Pasc\u00e1cia (Medell\u00edn)<\/li>\n<li>Teatro Pablo Tob\u00f3n Uribe (Medell\u00edn)<\/li>\n<li>El Club de Jazz (Medell\u00edn)<\/li>\n<li>Matik Matik (Bogot\u00e1)<\/li>\n<\/ul>\n<p>&nbsp;<\/p>\n<p><a href=\"https:\/\/madeofbones.bandcamp.com\/music\">https:\/\/madeofbones.bandcamp.com\/music<\/a><\/p>\n","protected":false},"excerpt":{"rendered":"<p>Com concertos de m\u00fasica improvisada em v\u00e1rios espa\u00e7os de renome cultural nas cidades de Medell\u00edn e Bogot\u00e1, Col\u00f4mbia e com oficinas de Pr\u00e1ticas Sonoras, a tourn\u00e9 de Made of Bones em colabora\u00e7\u00e3o com o Ensemble [expr]-Taller de pr\u00e1cticas sonoras, pretende ser uma experi\u00eancia cultural enriquecedora para a popula\u00e7\u00e3o local, promovendo o interesse da m\u00fasica improvisada [&hellip;]<\/p>\n","protected":false},"author":7,"featured_media":17958,"comment_status":"closed","ping_status":"closed","sticky":false,"template":"","format":"standard","meta":{"footnotes":""},"categories":[218],"tags":[],"class_list":["post-17940","post","type-post","status-publish","format-standard","has-post-thumbnail","hentry","category-noticias-generales-pt"],"lang":"pt","translations":{"pt":17940},"pll_sync_post":[],"post_mailing_queue_ids":[],"_links":{"self":[{"href":"http:\/\/staging.ibermusicas.org\/index.php\/wp-json\/wp\/v2\/posts\/17940","targetHints":{"allow":["GET"]}}],"collection":[{"href":"http:\/\/staging.ibermusicas.org\/index.php\/wp-json\/wp\/v2\/posts"}],"about":[{"href":"http:\/\/staging.ibermusicas.org\/index.php\/wp-json\/wp\/v2\/types\/post"}],"author":[{"embeddable":true,"href":"http:\/\/staging.ibermusicas.org\/index.php\/wp-json\/wp\/v2\/users\/7"}],"replies":[{"embeddable":true,"href":"http:\/\/staging.ibermusicas.org\/index.php\/wp-json\/wp\/v2\/comments?post=17940"}],"version-history":[{"count":1,"href":"http:\/\/staging.ibermusicas.org\/index.php\/wp-json\/wp\/v2\/posts\/17940\/revisions"}],"predecessor-version":[{"id":17941,"href":"http:\/\/staging.ibermusicas.org\/index.php\/wp-json\/wp\/v2\/posts\/17940\/revisions\/17941"}],"wp:featuredmedia":[{"embeddable":true,"href":"http:\/\/staging.ibermusicas.org\/index.php\/wp-json\/wp\/v2\/media\/17958"}],"wp:attachment":[{"href":"http:\/\/staging.ibermusicas.org\/index.php\/wp-json\/wp\/v2\/media?parent=17940"}],"wp:term":[{"taxonomy":"category","embeddable":true,"href":"http:\/\/staging.ibermusicas.org\/index.php\/wp-json\/wp\/v2\/categories?post=17940"},{"taxonomy":"post_tag","embeddable":true,"href":"http:\/\/staging.ibermusicas.org\/index.php\/wp-json\/wp\/v2\/tags?post=17940"}],"curies":[{"name":"wp","href":"https:\/\/api.w.org\/{rel}","templated":true}]}}