{"id":17945,"date":"2024-02-06T19:59:11","date_gmt":"2024-02-06T19:59:11","guid":{"rendered":"http:\/\/staging.ibermusicas.org\/?p=17945"},"modified":"2024-02-28T13:19:44","modified_gmt":"2024-02-28T13:19:44","slug":"o-coletivo-rayuela-do-mexico-apresenta-se-a-memoria-tocasse-em-el-salvador","status":"publish","type":"post","link":"http:\/\/staging.ibermusicas.org\/index.php\/o-coletivo-rayuela-do-mexico-apresenta-se-a-memoria-tocasse-em-el-salvador\/","title":{"rendered":"O coletivo Rayuela do M\u00e9xico apresenta \u00abSe a mem\u00f3ria tocasse\u00bb em El Salvador"},"content":{"rendered":"<p>Rayuela \u00e9 um coletivo de compositores e int\u00e9rpretes de m\u00fasica contempor\u00e2nea com um objetivo comum: desenvolver novas concep\u00e7\u00f5es de m\u00fasica contempor\u00e2nea atrav\u00e9s da colabora\u00e7\u00e3o, n\u00e3o s\u00f3 com m\u00fasicos e instrumentistas, mas tamb\u00e9m com artistas de outras disciplinas.<\/p>\n<p>&nbsp;<\/p>\n<p>\u00abSi la memoria sonara\u00bb \u00e9 uma pe\u00e7a interdisciplinar composta por quinze fotografias do artista Germ\u00e1n Romero musicadas ao vivo. Cada fotografia tem o seu pr\u00f3prio mundo sonoro que convida a imaginar outras narrativas e significados em torno da diversidade de experi\u00eancias, personagens, mem\u00f3rias e sons do Centro Hist\u00f3rico da Cidade do M\u00e9xico.<\/p>\n<p>&nbsp;<\/p>\n<p>As composi\u00e7\u00f5es s\u00e3o originais e contam com os timbres de flauta, clarinete, trombone, piano, harpa, acorde\u00e3o, contrabaixo e bateria, que levar\u00e3o o espectador a ver, ouvir e sonhar a fotografia.<\/p>\n<p>&nbsp;<\/p>\n<p>Rayuela far\u00e1 a sua primeira digress\u00e3o no pa\u00eds de El Salvador em fevereiro, visitando diferentes espa\u00e7os culturais, incluindo o Centro Cultural Espa\u00f1a e o Teatro Presidente em San Salvador. Apresentar\u00e3o tamb\u00e9m o seu projeto interdisciplinar \u00abSe a mem\u00f3ria tocasse\u00bb no Segundo Festival Estudantil de Cinema e V\u00eddeo de El Salvador, como forma de abrir novos di\u00e1logos e possibilidades art\u00edsticas entre a m\u00fasica, o cinema e a fotografia.<\/p>\n<p>&nbsp;<\/p>\n<p>Este projeto foi premiado pelo Programa Iberm\u00fasicas na categoria de \u00abAjudas ao sector musical para a circula\u00e7\u00e3o\u00bb, editais 2023.<\/p>\n<p>&nbsp;<\/p>\n<ul>\n<li>Sexta-feira, 23 de fevereiro, 19h: Centro Cultural Espa\u00f1a Ciudad, San Salvador, El Salvador<\/li>\n<li>Domingo, 25 de fevereiro, 15h: Teatro Presidente, San Salvador Pa\u00eds, El Salvador<\/li>\n<li>Segunda-feira, 26 de fevereiro, 11h: Complejo Educativo \u00c1ngela de Soler, San Salvador, El Salvador<\/li>\n<\/ul>\n","protected":false},"excerpt":{"rendered":"<p>Rayuela \u00e9 um coletivo de compositores e int\u00e9rpretes de m\u00fasica contempor\u00e2nea com um objetivo comum: desenvolver novas concep\u00e7\u00f5es de m\u00fasica contempor\u00e2nea atrav\u00e9s da colabora\u00e7\u00e3o, n\u00e3o s\u00f3 com m\u00fasicos e instrumentistas, mas tamb\u00e9m com artistas de outras disciplinas. &nbsp; \u00abSi la memoria sonara\u00bb \u00e9 uma pe\u00e7a interdisciplinar composta por quinze fotografias do artista Germ\u00e1n Romero musicadas [&hellip;]<\/p>\n","protected":false},"author":7,"featured_media":17938,"comment_status":"closed","ping_status":"closed","sticky":false,"template":"","format":"standard","meta":{"footnotes":""},"categories":[218],"tags":[],"class_list":["post-17945","post","type-post","status-publish","format-standard","has-post-thumbnail","hentry","category-noticias-generales-pt"],"lang":"pt","translations":{"pt":17945},"pll_sync_post":[],"post_mailing_queue_ids":[],"_links":{"self":[{"href":"http:\/\/staging.ibermusicas.org\/index.php\/wp-json\/wp\/v2\/posts\/17945","targetHints":{"allow":["GET"]}}],"collection":[{"href":"http:\/\/staging.ibermusicas.org\/index.php\/wp-json\/wp\/v2\/posts"}],"about":[{"href":"http:\/\/staging.ibermusicas.org\/index.php\/wp-json\/wp\/v2\/types\/post"}],"author":[{"embeddable":true,"href":"http:\/\/staging.ibermusicas.org\/index.php\/wp-json\/wp\/v2\/users\/7"}],"replies":[{"embeddable":true,"href":"http:\/\/staging.ibermusicas.org\/index.php\/wp-json\/wp\/v2\/comments?post=17945"}],"version-history":[{"count":1,"href":"http:\/\/staging.ibermusicas.org\/index.php\/wp-json\/wp\/v2\/posts\/17945\/revisions"}],"predecessor-version":[{"id":17946,"href":"http:\/\/staging.ibermusicas.org\/index.php\/wp-json\/wp\/v2\/posts\/17945\/revisions\/17946"}],"wp:featuredmedia":[{"embeddable":true,"href":"http:\/\/staging.ibermusicas.org\/index.php\/wp-json\/wp\/v2\/media\/17938"}],"wp:attachment":[{"href":"http:\/\/staging.ibermusicas.org\/index.php\/wp-json\/wp\/v2\/media?parent=17945"}],"wp:term":[{"taxonomy":"category","embeddable":true,"href":"http:\/\/staging.ibermusicas.org\/index.php\/wp-json\/wp\/v2\/categories?post=17945"},{"taxonomy":"post_tag","embeddable":true,"href":"http:\/\/staging.ibermusicas.org\/index.php\/wp-json\/wp\/v2\/tags?post=17945"}],"curies":[{"name":"wp","href":"https:\/\/api.w.org\/{rel}","templated":true}]}}