{"id":17947,"date":"2024-02-06T20:00:50","date_gmt":"2024-02-06T20:00:50","guid":{"rendered":"http:\/\/staging.ibermusicas.org\/?p=17947"},"modified":"2024-02-28T13:10:39","modified_gmt":"2024-02-28T13:10:39","slug":"el-guitarrista-uruguayo-gonzalo-franco-inicia-su-trabajo-de-especializacion-en-guitarra-flamenca-en-sevilla-espana","status":"publish","type":"post","link":"http:\/\/staging.ibermusicas.org\/index.php\/el-guitarrista-uruguayo-gonzalo-franco-inicia-su-trabajo-de-especializacion-en-guitarra-flamenca-en-sevilla-espana\/","title":{"rendered":"El guitarrista uruguayo Gonzalo Franco inicia su trabajo de especializaci\u00f3n en guitarra flamenca en Sevilla, Espa\u00f1a"},"content":{"rendered":"<p>Gonzalo Franco es guitarrista, compositor y docente de guitarra flamenca. Vive en Montevideo, Uruguay donde desarrolla principalmente su actividad profesional con diferentes proyectos musicales siempre vinculados al flamenco. Tambi\u00e9n co dirige junto a la bailaora Adriana Puoy el Centro de arte flamenco La Plazuela desde donde promueven una ense\u00f1anza integral del arte flamenco, ya que adem\u00e1s de sus clases regulares, producen movilidades y residencias de artistas referentes del g\u00e9nero provenientes de Espa\u00f1a.<\/p>\n<p>&nbsp;<\/p>\n<p>En esta oportunidad Gonzalo Franco viaja a la ciudad de Sevilla, cuna del arte flamenco, para sumergirse en dos semanas de cursos intensivos en la prestigiosa instituci\u00f3n \u201cArtes Esc\u00e9nicas Rebollar\u201d. Esta formaci\u00f3n resulta imprescindible para fomentar el crecimiento de la escena flamenca en Uruguay ya que todo el conocimiento se volcar\u00e1 en forma directa en su propio trabajo como docente.<\/p>\n<p>&nbsp;<\/p>\n<p>Este curso de especializaci\u00f3n se hace posible gracias al apoyo de Iberm\u00fasicas en su l\u00ednea de acci\u00f3n de \u201cAyudas para la especializaci\u00f3n y el perfeccionamiento art\u00edstico y t\u00e9cnico del sector musical\u201d<\/p>\n<p>&nbsp;<\/p>\n<p>Gonzalo Franco tiene dos discos editados como solista. Ha tocado en escenarios de Am\u00e9rica Latina, Europa y Ocean\u00eda y ha compartido escenario con artistas referentes del flamenco, Tomatito, Jorge Pardo, Carmen Ledesma, Torombo, Carmen Talegona, entre otros.<\/p>\n<p>&nbsp;<\/p>\n<p>&nbsp;<\/p>\n<ul>\n<li>26 de febrero al 8 de marzo, Instituto Artes Esc\u00e9nicas Rebollar, Sevilla, Espa\u00f1a<\/li>\n<\/ul>\n","protected":false},"excerpt":{"rendered":"<p>Gonzalo Franco es guitarrista, compositor y docente de guitarra flamenca. Vive en Montevideo, Uruguay donde desarrolla principalmente su actividad profesional con diferentes proyectos musicales siempre vinculados al flamenco. Tambi\u00e9n co dirige junto a la bailaora Adriana Puoy el Centro de arte flamenco La Plazuela desde donde promueven una ense\u00f1anza integral del arte flamenco, ya que [&hellip;]<\/p>\n","protected":false},"author":7,"featured_media":17943,"comment_status":"closed","ping_status":"closed","sticky":false,"template":"","format":"standard","meta":{"footnotes":""},"categories":[53],"tags":[],"class_list":["post-17947","post","type-post","status-publish","format-standard","has-post-thumbnail","hentry","category-noticias-generales"],"lang":"es","translations":{"es":17947},"pll_sync_post":[],"post_mailing_queue_ids":[],"_links":{"self":[{"href":"http:\/\/staging.ibermusicas.org\/index.php\/wp-json\/wp\/v2\/posts\/17947","targetHints":{"allow":["GET"]}}],"collection":[{"href":"http:\/\/staging.ibermusicas.org\/index.php\/wp-json\/wp\/v2\/posts"}],"about":[{"href":"http:\/\/staging.ibermusicas.org\/index.php\/wp-json\/wp\/v2\/types\/post"}],"author":[{"embeddable":true,"href":"http:\/\/staging.ibermusicas.org\/index.php\/wp-json\/wp\/v2\/users\/7"}],"replies":[{"embeddable":true,"href":"http:\/\/staging.ibermusicas.org\/index.php\/wp-json\/wp\/v2\/comments?post=17947"}],"version-history":[{"count":1,"href":"http:\/\/staging.ibermusicas.org\/index.php\/wp-json\/wp\/v2\/posts\/17947\/revisions"}],"predecessor-version":[{"id":17949,"href":"http:\/\/staging.ibermusicas.org\/index.php\/wp-json\/wp\/v2\/posts\/17947\/revisions\/17949"}],"wp:featuredmedia":[{"embeddable":true,"href":"http:\/\/staging.ibermusicas.org\/index.php\/wp-json\/wp\/v2\/media\/17943"}],"wp:attachment":[{"href":"http:\/\/staging.ibermusicas.org\/index.php\/wp-json\/wp\/v2\/media?parent=17947"}],"wp:term":[{"taxonomy":"category","embeddable":true,"href":"http:\/\/staging.ibermusicas.org\/index.php\/wp-json\/wp\/v2\/categories?post=17947"},{"taxonomy":"post_tag","embeddable":true,"href":"http:\/\/staging.ibermusicas.org\/index.php\/wp-json\/wp\/v2\/tags?post=17947"}],"curies":[{"name":"wp","href":"https:\/\/api.w.org\/{rel}","templated":true}]}}