{"id":17950,"date":"2024-02-06T20:02:05","date_gmt":"2024-02-06T20:02:05","guid":{"rendered":"http:\/\/staging.ibermusicas.org\/?p=17950"},"modified":"2024-02-28T13:14:38","modified_gmt":"2024-02-28T13:14:38","slug":"o-violonista-uruguaio-gonzalo-franco-inicia-sua-especializacao-em-violao-flamenco-em-sevilha-espanha","status":"publish","type":"post","link":"http:\/\/staging.ibermusicas.org\/index.php\/o-violonista-uruguaio-gonzalo-franco-inicia-sua-especializacao-em-violao-flamenco-em-sevilha-espanha\/","title":{"rendered":"O violonista uruguaio Gonzalo Franco inicia sua especializa\u00e7\u00e3o em viol\u00e3o flamenco em Sevilha, Espanha"},"content":{"rendered":"<p>Gonzalo Franco \u00e9 violonista, compositor e professor de viol\u00e3o flamenco. Vive em Montevid\u00e9u, Uruguai, onde desenvolve principalmente sua atividade profissional com diferentes projetos musicais sempre ligados ao flamenco. Tamb\u00e9m co-dirige, junto com a bailarina Adriana Puoy, o Centro de arte flamenco La Plazuela, onde promovem um ensino integral da arte flamenca, j\u00e1 que, al\u00e9m das aulas regulares, produzem mobilidades e resid\u00eancias de artistas de refer\u00eancia do g\u00eanero vindos da Espanha.<\/p>\n<p>&nbsp;<\/p>\n<p>Nesta oportunidade, Gonzalo Franco viaja para a cidade de Sevilha, ber\u00e7o da arte flamenca, para mergulhar em duas semanas de cursos intensivos na prestigiada institui\u00e7\u00e3o \u00abArtes Esc\u00e9nicas Rebollar\u00bb. Esse treinamento \u00e9 essencial para promover o crescimento da cena flamenca no Uruguai, pois todo o conhecimento ser\u00e1 usado diretamente em seu pr\u00f3prio trabalho como professor.<\/p>\n<p>&nbsp;<\/p>\n<p>Esse curso de especializa\u00e7\u00e3o \u00e9 poss\u00edvel gra\u00e7as ao apoio do Iberm\u00fasicas em sua linha de a\u00e7\u00e3o \u00abAjuda \u00e0 especializa\u00e7\u00e3o e ao aperfei\u00e7oamento art\u00edstico e t\u00e9cnico do setor musical\u00bb.<\/p>\n<p>&nbsp;<\/p>\n<p>Gonzalo Franco lan\u00e7ou dois \u00e1lbuns como solista. J\u00e1 se apresentou em palcos da Am\u00e9rica Latina, Europa e Oceania e dividiu o palco com grandes artistas do flamenco, como Tomatito, Jorge Pardo, Carmen Ledesma, Torombo, Carmen Talegona, entre outros.<\/p>\n<p>&nbsp;<\/p>\n<p>26 de fevereiro a 8 de mar\u00e7o, Instituto Artes Esc\u00e9nicas Rebollar, Sevilha, Espanha.<\/p>\n","protected":false},"excerpt":{"rendered":"<p>Gonzalo Franco \u00e9 violonista, compositor e professor de viol\u00e3o flamenco. Vive em Montevid\u00e9u, Uruguai, onde desenvolve principalmente sua atividade profissional com diferentes projetos musicais sempre ligados ao flamenco. Tamb\u00e9m co-dirige, junto com a bailarina Adriana Puoy, o Centro de arte flamenco La Plazuela, onde promovem um ensino integral da arte flamenca, j\u00e1 que, al\u00e9m das [&hellip;]<\/p>\n","protected":false},"author":7,"featured_media":17943,"comment_status":"closed","ping_status":"closed","sticky":false,"template":"","format":"standard","meta":{"footnotes":""},"categories":[218],"tags":[],"class_list":["post-17950","post","type-post","status-publish","format-standard","has-post-thumbnail","hentry","category-noticias-generales-pt"],"lang":"pt","translations":{"pt":17950},"pll_sync_post":[],"post_mailing_queue_ids":[],"_links":{"self":[{"href":"http:\/\/staging.ibermusicas.org\/index.php\/wp-json\/wp\/v2\/posts\/17950","targetHints":{"allow":["GET"]}}],"collection":[{"href":"http:\/\/staging.ibermusicas.org\/index.php\/wp-json\/wp\/v2\/posts"}],"about":[{"href":"http:\/\/staging.ibermusicas.org\/index.php\/wp-json\/wp\/v2\/types\/post"}],"author":[{"embeddable":true,"href":"http:\/\/staging.ibermusicas.org\/index.php\/wp-json\/wp\/v2\/users\/7"}],"replies":[{"embeddable":true,"href":"http:\/\/staging.ibermusicas.org\/index.php\/wp-json\/wp\/v2\/comments?post=17950"}],"version-history":[{"count":1,"href":"http:\/\/staging.ibermusicas.org\/index.php\/wp-json\/wp\/v2\/posts\/17950\/revisions"}],"predecessor-version":[{"id":17951,"href":"http:\/\/staging.ibermusicas.org\/index.php\/wp-json\/wp\/v2\/posts\/17950\/revisions\/17951"}],"wp:featuredmedia":[{"embeddable":true,"href":"http:\/\/staging.ibermusicas.org\/index.php\/wp-json\/wp\/v2\/media\/17943"}],"wp:attachment":[{"href":"http:\/\/staging.ibermusicas.org\/index.php\/wp-json\/wp\/v2\/media?parent=17950"}],"wp:term":[{"taxonomy":"category","embeddable":true,"href":"http:\/\/staging.ibermusicas.org\/index.php\/wp-json\/wp\/v2\/categories?post=17950"},{"taxonomy":"post_tag","embeddable":true,"href":"http:\/\/staging.ibermusicas.org\/index.php\/wp-json\/wp\/v2\/tags?post=17950"}],"curies":[{"name":"wp","href":"https:\/\/api.w.org\/{rel}","templated":true}]}}