{"id":17952,"date":"2024-02-06T20:04:29","date_gmt":"2024-02-06T20:04:29","guid":{"rendered":"http:\/\/staging.ibermusicas.org\/?p=17952"},"modified":"2024-02-06T20:04:29","modified_gmt":"2024-02-06T20:04:29","slug":"el-musico-paraguayo-nicolas-canete-inicia-su-especializacion-en-arte-flamenco-en-espana","status":"publish","type":"post","link":"http:\/\/staging.ibermusicas.org\/index.php\/el-musico-paraguayo-nicolas-canete-inicia-su-especializacion-en-arte-flamenco-en-espana\/","title":{"rendered":"El m\u00fasico paraguayo Nicol\u00e1s Ca\u00f1ete inicia su especializaci\u00f3n en arte flamenco en Espa\u00f1a"},"content":{"rendered":"<p>El bajista y contrabajista paraguayo Nicol\u00e1s Ca\u00f1ete inicia en Espa\u00f1a su curso de especializaci\u00f3n con el maestro y educador en arte flamenco y piano flamenco Pablo Rub\u00e9n Maldonado en busca de nuevas herramientas para poder lograr novedosas sonoridades tanto r\u00edtmicas, como mel\u00f3dicas y hasta I\u00edricas.<\/p>\n<p>&nbsp;<\/p>\n<p>Se trata de un especializaci\u00f3n de la m\u00fasica espa\u00f1ola flamenca enfocada al \u00e1rea de composici\u00f3n, arreglo y producci\u00f3n musical principalmente buscando lograr la fusi\u00f3n de la m\u00fasica paraguaya, el jazz y el flamenco, as\u00ed como tambi\u00e9n arreglos para bailaoras y cante a un alto nivel.<\/p>\n<p>&nbsp;<\/p>\n<p>Este curso de especializaci\u00f3n se hace posible gracias al apoyo de Iberm\u00fasicas en su l\u00ednea de acci\u00f3n de \u201cAyudas para la especializaci\u00f3n y el perfeccionamiento art\u00edstico y t\u00e9cnico del sector musical\u201d<\/p>\n","protected":false},"excerpt":{"rendered":"<p>El bajista y contrabajista paraguayo Nicol\u00e1s Ca\u00f1ete inicia en Espa\u00f1a su curso de especializaci\u00f3n con el maestro y educador en arte flamenco y piano flamenco Pablo Rub\u00e9n Maldonado en busca de nuevas herramientas para poder lograr novedosas sonoridades tanto r\u00edtmicas, como mel\u00f3dicas y hasta I\u00edricas. &nbsp; Se trata de un especializaci\u00f3n de la m\u00fasica espa\u00f1ola [&hellip;]<\/p>\n","protected":false},"author":7,"featured_media":17953,"comment_status":"closed","ping_status":"closed","sticky":false,"template":"","format":"standard","meta":{"footnotes":""},"categories":[53],"tags":[],"class_list":["post-17952","post","type-post","status-publish","format-standard","has-post-thumbnail","hentry","category-noticias-generales"],"lang":"es","translations":{"es":17952,"pt":17955},"pll_sync_post":[],"post_mailing_queue_ids":[],"_links":{"self":[{"href":"http:\/\/staging.ibermusicas.org\/index.php\/wp-json\/wp\/v2\/posts\/17952","targetHints":{"allow":["GET"]}}],"collection":[{"href":"http:\/\/staging.ibermusicas.org\/index.php\/wp-json\/wp\/v2\/posts"}],"about":[{"href":"http:\/\/staging.ibermusicas.org\/index.php\/wp-json\/wp\/v2\/types\/post"}],"author":[{"embeddable":true,"href":"http:\/\/staging.ibermusicas.org\/index.php\/wp-json\/wp\/v2\/users\/7"}],"replies":[{"embeddable":true,"href":"http:\/\/staging.ibermusicas.org\/index.php\/wp-json\/wp\/v2\/comments?post=17952"}],"version-history":[{"count":1,"href":"http:\/\/staging.ibermusicas.org\/index.php\/wp-json\/wp\/v2\/posts\/17952\/revisions"}],"predecessor-version":[{"id":17954,"href":"http:\/\/staging.ibermusicas.org\/index.php\/wp-json\/wp\/v2\/posts\/17952\/revisions\/17954"}],"wp:featuredmedia":[{"embeddable":true,"href":"http:\/\/staging.ibermusicas.org\/index.php\/wp-json\/wp\/v2\/media\/17953"}],"wp:attachment":[{"href":"http:\/\/staging.ibermusicas.org\/index.php\/wp-json\/wp\/v2\/media?parent=17952"}],"wp:term":[{"taxonomy":"category","embeddable":true,"href":"http:\/\/staging.ibermusicas.org\/index.php\/wp-json\/wp\/v2\/categories?post=17952"},{"taxonomy":"post_tag","embeddable":true,"href":"http:\/\/staging.ibermusicas.org\/index.php\/wp-json\/wp\/v2\/tags?post=17952"}],"curies":[{"name":"wp","href":"https:\/\/api.w.org\/{rel}","templated":true}]}}