{"id":17955,"date":"2024-02-06T20:06:19","date_gmt":"2024-02-06T20:06:19","guid":{"rendered":"http:\/\/staging.ibermusicas.org\/?p=17955"},"modified":"2024-02-06T20:06:19","modified_gmt":"2024-02-06T20:06:19","slug":"o-musico-paraguaio-nicolas-canete-inicia-a-sua-especializacao-em-arte-flamenca-em-espanha","status":"publish","type":"post","link":"http:\/\/staging.ibermusicas.org\/index.php\/o-musico-paraguaio-nicolas-canete-inicia-a-sua-especializacao-em-arte-flamenca-em-espanha\/","title":{"rendered":"O m\u00fasico paraguaio Nicol\u00e1s Ca\u00f1ete inicia a sua especializa\u00e7\u00e3o em arte flamenca em Espanha"},"content":{"rendered":"<p>O baixista e contrabaixista paraguaio Nicol\u00e1s Ca\u00f1ete inicia o seu curso de especializa\u00e7\u00e3o em Espanha com o mestre e educador em arte flamenca e piano flamenco Pablo Rub\u00e9n Maldonado em busca de novas ferramentas para alcan\u00e7ar novas sonoridades, tanto r\u00edtmicas como mel\u00f3dicas e at\u00e9 l\u00edricas.<\/p>\n<p>&nbsp;<\/p>\n<p>Trata-se de uma especializa\u00e7\u00e3o em m\u00fasica flamenca espanhola centrada na \u00e1rea da composi\u00e7\u00e3o, arranjo e produ\u00e7\u00e3o musical, procurando principalmente a fus\u00e3o da m\u00fasica paraguaia, jazz e flamenco, bem como arranjos para bailarinos e cantores de alto n\u00edvel.<\/p>\n<p>&nbsp;<\/p>\n<p>Esse curso de especializa\u00e7\u00e3o \u00e9 poss\u00edvel gra\u00e7as ao apoio do Iberm\u00fasicas em sua linha de a\u00e7\u00e3o \u00abAjuda \u00e0 especializa\u00e7\u00e3o e ao aperfei\u00e7oamento art\u00edstico e t\u00e9cnico do setor musical\u00bb.<\/p>\n","protected":false},"excerpt":{"rendered":"<p>O baixista e contrabaixista paraguaio Nicol\u00e1s Ca\u00f1ete inicia o seu curso de especializa\u00e7\u00e3o em Espanha com o mestre e educador em arte flamenca e piano flamenco Pablo Rub\u00e9n Maldonado em busca de novas ferramentas para alcan\u00e7ar novas sonoridades, tanto r\u00edtmicas como mel\u00f3dicas e at\u00e9 l\u00edricas. &nbsp; Trata-se de uma especializa\u00e7\u00e3o em m\u00fasica flamenca espanhola centrada [&hellip;]<\/p>\n","protected":false},"author":7,"featured_media":17953,"comment_status":"closed","ping_status":"closed","sticky":false,"template":"","format":"standard","meta":{"footnotes":""},"categories":[218],"tags":[],"class_list":["post-17955","post","type-post","status-publish","format-standard","has-post-thumbnail","hentry","category-noticias-generales-pt"],"lang":"pt","translations":{"pt":17955,"es":17952},"pll_sync_post":[],"post_mailing_queue_ids":[],"_links":{"self":[{"href":"http:\/\/staging.ibermusicas.org\/index.php\/wp-json\/wp\/v2\/posts\/17955","targetHints":{"allow":["GET"]}}],"collection":[{"href":"http:\/\/staging.ibermusicas.org\/index.php\/wp-json\/wp\/v2\/posts"}],"about":[{"href":"http:\/\/staging.ibermusicas.org\/index.php\/wp-json\/wp\/v2\/types\/post"}],"author":[{"embeddable":true,"href":"http:\/\/staging.ibermusicas.org\/index.php\/wp-json\/wp\/v2\/users\/7"}],"replies":[{"embeddable":true,"href":"http:\/\/staging.ibermusicas.org\/index.php\/wp-json\/wp\/v2\/comments?post=17955"}],"version-history":[{"count":1,"href":"http:\/\/staging.ibermusicas.org\/index.php\/wp-json\/wp\/v2\/posts\/17955\/revisions"}],"predecessor-version":[{"id":17956,"href":"http:\/\/staging.ibermusicas.org\/index.php\/wp-json\/wp\/v2\/posts\/17955\/revisions\/17956"}],"wp:featuredmedia":[{"embeddable":true,"href":"http:\/\/staging.ibermusicas.org\/index.php\/wp-json\/wp\/v2\/media\/17953"}],"wp:attachment":[{"href":"http:\/\/staging.ibermusicas.org\/index.php\/wp-json\/wp\/v2\/media?parent=17955"}],"wp:term":[{"taxonomy":"category","embeddable":true,"href":"http:\/\/staging.ibermusicas.org\/index.php\/wp-json\/wp\/v2\/categories?post=17955"},{"taxonomy":"post_tag","embeddable":true,"href":"http:\/\/staging.ibermusicas.org\/index.php\/wp-json\/wp\/v2\/tags?post=17955"}],"curies":[{"name":"wp","href":"https:\/\/api.w.org\/{rel}","templated":true}]}}