{"id":17963,"date":"2024-02-06T20:19:46","date_gmt":"2024-02-06T20:19:46","guid":{"rendered":"http:\/\/staging.ibermusicas.org\/?p=17963"},"modified":"2024-02-28T13:10:27","modified_gmt":"2024-02-28T13:10:27","slug":"el-grupo-vocal-la-cantarola-de-argentina-presenta-su-nuevo-video-de-la-cancion-lambada-de-serpente-de-djavan","status":"publish","type":"post","link":"http:\/\/staging.ibermusicas.org\/index.php\/el-grupo-vocal-la-cantarola-de-argentina-presenta-su-nuevo-video-de-la-cancion-lambada-de-serpente-de-djavan\/","title":{"rendered":"El grupo vocal \u201cLa Cantarola\u201d de Argentina presenta su nuevo video de la canci\u00f3n Lambada de Serpente de Djavan"},"content":{"rendered":"<p>El grupo vocal \u201cLa Cantarola\u201d est\u00e1 conformado por Magal\u00ed Castro, Ivana Perren, Fernanda Quint\u00e1s y Laura Alberti. \u00abLa Cantarola\u00bb es un quinteto vocal femenino que interpreta un vasto repertorio de m\u00fasica popular latinoamericana, con la fuerza y gracia caracter\u00edstica del sur del continente.<\/p>\n<p>&nbsp;<\/p>\n<p>Han sido ganadoras de la convocatoria 2022 de Iberm\u00fasicas para ayudas a la circulaci\u00f3n.<\/p>\n<p>&nbsp;<\/p>\n<p>&nbsp;<\/p>\n<p>Ver v\u00eddeo en: <a href=\"https:\/\/youtu.be\/Jd2oQBXLB8I\">https:\/\/youtu.be\/Jd2oQBXLB8I<\/a><\/p>\n","protected":false},"excerpt":{"rendered":"<p>El grupo vocal \u201cLa Cantarola\u201d est\u00e1 conformado por Magal\u00ed Castro, Ivana Perren, Fernanda Quint\u00e1s y Laura Alberti. \u00abLa Cantarola\u00bb es un quinteto vocal femenino que interpreta un vasto repertorio de m\u00fasica popular latinoamericana, con la fuerza y gracia caracter\u00edstica del sur del continente. &nbsp; Han sido ganadoras de la convocatoria 2022 de Iberm\u00fasicas para ayudas [&hellip;]<\/p>\n","protected":false},"author":7,"featured_media":17964,"comment_status":"closed","ping_status":"closed","sticky":false,"template":"","format":"standard","meta":{"footnotes":""},"categories":[53],"tags":[],"class_list":["post-17963","post","type-post","status-publish","format-standard","has-post-thumbnail","hentry","category-noticias-generales"],"lang":"es","translations":{"es":17963,"pt":17966},"pll_sync_post":[],"post_mailing_queue_ids":[],"_links":{"self":[{"href":"http:\/\/staging.ibermusicas.org\/index.php\/wp-json\/wp\/v2\/posts\/17963","targetHints":{"allow":["GET"]}}],"collection":[{"href":"http:\/\/staging.ibermusicas.org\/index.php\/wp-json\/wp\/v2\/posts"}],"about":[{"href":"http:\/\/staging.ibermusicas.org\/index.php\/wp-json\/wp\/v2\/types\/post"}],"author":[{"embeddable":true,"href":"http:\/\/staging.ibermusicas.org\/index.php\/wp-json\/wp\/v2\/users\/7"}],"replies":[{"embeddable":true,"href":"http:\/\/staging.ibermusicas.org\/index.php\/wp-json\/wp\/v2\/comments?post=17963"}],"version-history":[{"count":1,"href":"http:\/\/staging.ibermusicas.org\/index.php\/wp-json\/wp\/v2\/posts\/17963\/revisions"}],"predecessor-version":[{"id":17965,"href":"http:\/\/staging.ibermusicas.org\/index.php\/wp-json\/wp\/v2\/posts\/17963\/revisions\/17965"}],"wp:featuredmedia":[{"embeddable":true,"href":"http:\/\/staging.ibermusicas.org\/index.php\/wp-json\/wp\/v2\/media\/17964"}],"wp:attachment":[{"href":"http:\/\/staging.ibermusicas.org\/index.php\/wp-json\/wp\/v2\/media?parent=17963"}],"wp:term":[{"taxonomy":"category","embeddable":true,"href":"http:\/\/staging.ibermusicas.org\/index.php\/wp-json\/wp\/v2\/categories?post=17963"},{"taxonomy":"post_tag","embeddable":true,"href":"http:\/\/staging.ibermusicas.org\/index.php\/wp-json\/wp\/v2\/tags?post=17963"}],"curies":[{"name":"wp","href":"https:\/\/api.w.org\/{rel}","templated":true}]}}