{"id":17966,"date":"2024-02-06T20:20:42","date_gmt":"2024-02-06T20:20:42","guid":{"rendered":"http:\/\/staging.ibermusicas.org\/?p=17966"},"modified":"2024-02-28T13:14:16","modified_gmt":"2024-02-28T13:14:16","slug":"o-grupo-vocal-la-cantarola-da-argentina-apresenta-seu-novo-video-sobre-a-cancao-lambada-de-serpente-de-djavan","status":"publish","type":"post","link":"http:\/\/staging.ibermusicas.org\/index.php\/o-grupo-vocal-la-cantarola-da-argentina-apresenta-seu-novo-video-sobre-a-cancao-lambada-de-serpente-de-djavan\/","title":{"rendered":"O grupo vocal \u00abLa Cantarola\u00bb da Argentina apresenta seu novo v\u00eddeo sobre a can\u00e7\u00e3o Lambada de Serpente de Djavan"},"content":{"rendered":"<p>O grupo vocal \u00abLa Cantarola\u00bb, \u00e9 conformado por Magal\u00ed Castro, Ivana Perren, Fernanda Quint\u00e1s e Laura Alberti. \u00abLa Cantarola\u00bb \u00e9 um quinteto vocal feminino que interpreta um vasto repert\u00f3rio de m\u00fasica popular latino-americana, com a for\u00e7a e a gra\u00e7a caracter\u00edsticas do sul do continente.<\/p>\n<p>&nbsp;<\/p>\n<p>Foram vencedoras do concurso Iberm\u00fasicas 2022 para ajuda \u00e0 circula\u00e7\u00e3o.<\/p>\n<p>&nbsp;<\/p>\n<p>Ver v\u00eddeo em: <a href=\"https:\/\/youtu.be\/Jd2oQBXLB8I\">https:\/\/youtu.be\/Jd2oQBXLB8I<\/a><\/p>\n","protected":false},"excerpt":{"rendered":"<p>O grupo vocal \u00abLa Cantarola\u00bb, \u00e9 conformado por Magal\u00ed Castro, Ivana Perren, Fernanda Quint\u00e1s e Laura Alberti. \u00abLa Cantarola\u00bb \u00e9 um quinteto vocal feminino que interpreta um vasto repert\u00f3rio de m\u00fasica popular latino-americana, com a for\u00e7a e a gra\u00e7a caracter\u00edsticas do sul do continente. &nbsp; Foram vencedoras do concurso Iberm\u00fasicas 2022 para ajuda \u00e0 circula\u00e7\u00e3o. [&hellip;]<\/p>\n","protected":false},"author":7,"featured_media":17964,"comment_status":"closed","ping_status":"closed","sticky":false,"template":"","format":"standard","meta":{"footnotes":""},"categories":[218],"tags":[],"class_list":["post-17966","post","type-post","status-publish","format-standard","has-post-thumbnail","hentry","category-noticias-generales-pt"],"lang":"pt","translations":{"pt":17966,"es":17963},"pll_sync_post":[],"post_mailing_queue_ids":[],"_links":{"self":[{"href":"http:\/\/staging.ibermusicas.org\/index.php\/wp-json\/wp\/v2\/posts\/17966","targetHints":{"allow":["GET"]}}],"collection":[{"href":"http:\/\/staging.ibermusicas.org\/index.php\/wp-json\/wp\/v2\/posts"}],"about":[{"href":"http:\/\/staging.ibermusicas.org\/index.php\/wp-json\/wp\/v2\/types\/post"}],"author":[{"embeddable":true,"href":"http:\/\/staging.ibermusicas.org\/index.php\/wp-json\/wp\/v2\/users\/7"}],"replies":[{"embeddable":true,"href":"http:\/\/staging.ibermusicas.org\/index.php\/wp-json\/wp\/v2\/comments?post=17966"}],"version-history":[{"count":1,"href":"http:\/\/staging.ibermusicas.org\/index.php\/wp-json\/wp\/v2\/posts\/17966\/revisions"}],"predecessor-version":[{"id":17967,"href":"http:\/\/staging.ibermusicas.org\/index.php\/wp-json\/wp\/v2\/posts\/17966\/revisions\/17967"}],"wp:featuredmedia":[{"embeddable":true,"href":"http:\/\/staging.ibermusicas.org\/index.php\/wp-json\/wp\/v2\/media\/17964"}],"wp:attachment":[{"href":"http:\/\/staging.ibermusicas.org\/index.php\/wp-json\/wp\/v2\/media?parent=17966"}],"wp:term":[{"taxonomy":"category","embeddable":true,"href":"http:\/\/staging.ibermusicas.org\/index.php\/wp-json\/wp\/v2\/categories?post=17966"},{"taxonomy":"post_tag","embeddable":true,"href":"http:\/\/staging.ibermusicas.org\/index.php\/wp-json\/wp\/v2\/tags?post=17966"}],"curies":[{"name":"wp","href":"https:\/\/api.w.org\/{rel}","templated":true}]}}