{"id":17987,"date":"2024-02-28T13:40:06","date_gmt":"2024-02-28T13:40:06","guid":{"rendered":"http:\/\/staging.ibermusicas.org\/?p=17987"},"modified":"2024-03-27T03:23:56","modified_gmt":"2024-03-27T03:23:56","slug":"ernesto-luis-de-venezuela-y-rocio-pena-de-chile-presentan-su-cancion-la-sierra-ganadora-de-la-ultima-edicion-del-concurso-ibermusicas-de-creacion-de-cancion","status":"publish","type":"post","link":"http:\/\/staging.ibermusicas.org\/index.php\/ernesto-luis-de-venezuela-y-rocio-pena-de-chile-presentan-su-cancion-la-sierra-ganadora-de-la-ultima-edicion-del-concurso-ibermusicas-de-creacion-de-cancion\/","title":{"rendered":"Ernesto Luis de Venezuela y Roc\u00edo Pe\u00f1a de Chile presentan su canci\u00f3n \u201cLa Sierra\u201d, ganadora de la \u00faltima edici\u00f3n del concurso Iberm\u00fasicas de Creaci\u00f3n de Canci\u00f3n"},"content":{"rendered":"<p>La Sierra es una canci\u00f3n compuesta en el 2023 por el cantautor Venezolano Ernesto Luis y la cantautora Chilena Roc\u00edo Pe\u00f1a, que le cantan al amor desde los paisajes de la serran\u00eda Venezolana y las monta\u00f1as Chilenas reflejando la a\u00f1oranza del encuentro con sus amores. Ambos cantautores se conocieron en \u201cCanciones para la Alegr\u00eda\u201d un espacio de conciertos v\u00eda On-Line que se realizaban en pandemia desde Venezuela y que reuni\u00f3 a m\u00e1s de 200 artistas del mundo.<\/p>\n<p>&nbsp;<\/p>\n<p>El cantautor venezolano Ernesto Luis trabaja en la fusi\u00f3n de ritmos tradicionales venezolanos con el pop, el reggae, la salsa y otros sonidos del mundo. Su m\u00fasica viaja en un mar que define una propuesta l\u00edrica cotidiana, alegre y universal. Canta sus historias y las de la gente que quiere; las cosas m\u00e1s sencillas y cotidianas. Su m\u00fasica hace feliz a la gente y siente que en cada una de sus canciones est\u00e1 la historia de las personas. \u201cTepuy\u201d y \u201cLa Vaca\u201d son dos de los temas promocionales de su primer disco \u201cEl Viaje\u201d. Ha participado en festivales internacionales en Venezuela, Argentina y Cuba. A su vez ha compartido escenario con artistas como Carlos Varela, Kelvis Ochoa, Cucurucho Vald\u00e9s, Jos\u00e9 Delgado, Amaranta P\u00e9rez, Manuel Leandro S\u00e1nchez, entre otros.<\/p>\n<p>&nbsp;<\/p>\n<p>Roc\u00edo Pe\u00f1a es una cantautora chilena cuya obra es fruto de una amalgama sonora que incorpora elementos de la canci\u00f3n de autor, el folk y el pop. Su m\u00e1s reciente disco \u201cDel Trueno\u201d (2020), es un ramo de canciones que da voz al mundo interior de la cantautora y presenta una reflexi\u00f3n desde el sur del mundo: la fragilidad, el paso del tiempo, el amor, los territorios, la revoluci\u00f3n, la libertad. Un encuentro entre la ra\u00edz y lo mel\u00f3dico de la canci\u00f3n. Fue producido \u00edntegramente por Turra Medina en Los \u00c1ngeles, California. En vivo se desenvuelve con soltura tanto en solitario con guitarra, ukelele, como con su banda, generando shows emotivos y llenos de matices que transportan a los paisajes del sur, cerca del fuego, logrando integrar al p\u00fablico de manera acogedora y envolvente. Posee cuatro discos editados a la fecha \u00abDel Trueno\u00bb (2020); \u201cMemoria y canci\u00f3n en Pichi-Ropulli\u201d (2017); \u201cAtardecer\u201d (2009) y Roc\u00edo Pe\u00f1a (2008), adem\u00e1s de los singles \u201cTecho de Cristal\u201d (2012) producido por Angelo Pierattini y \u201cNube Negra\u201d (2018) producido por Javier Barr\u00eda y tema principal de la pel\u00edcula Silencio, del director penquista Leo Pe\u00f1a. Roc\u00edo ha desarrollado una multifac\u00e9tica carrera como trabajadora de la m\u00fasica, con experiencias como cantautora, coach vocal y gestora de distintos proyectos culturales ligados siempre a la m\u00fasica, en vivo y de manera virtual. Es adem\u00e1s Licenciada en Antropolog\u00eda de la Universidad de Concepci\u00f3n (Chile), y maestra certificada en m\u00e9todo hol\u00edstico de entrenamiento vocal Fitzmaurice Voicework, en el Fitzmaurice Institute, Los \u00c1ngeles, California, EEUU.<\/p>\n<p>&nbsp;<\/p>\n<p>Escuchar en: <a href=\"https:\/\/open.spotify.com\/intl-es\/track\/7naOu4gajvMb58dsRp2qCo?si=bca716774cec4549\">https:\/\/open.spotify.com\/intl-es\/track\/7naOu4gajvMb58dsRp2qCo?si=bca716774cec4549<\/a><\/p>\n","protected":false},"excerpt":{"rendered":"<p>La Sierra es una canci\u00f3n compuesta en el 2023 por el cantautor Venezolano Ernesto Luis y la cantautora Chilena Roc\u00edo Pe\u00f1a, que le cantan al amor desde los paisajes de la serran\u00eda Venezolana y las monta\u00f1as Chilenas reflejando la a\u00f1oranza del encuentro con sus amores. Ambos cantautores se conocieron en \u201cCanciones para la Alegr\u00eda\u201d un [&hellip;]<\/p>\n","protected":false},"author":7,"featured_media":17988,"comment_status":"closed","ping_status":"closed","sticky":false,"template":"","format":"standard","meta":{"footnotes":""},"categories":[53],"tags":[],"class_list":["post-17987","post","type-post","status-publish","format-standard","has-post-thumbnail","hentry","category-noticias-generales"],"lang":"es","translations":{"es":17987,"pt":17990},"pll_sync_post":[],"post_mailing_queue_ids":[],"_links":{"self":[{"href":"http:\/\/staging.ibermusicas.org\/index.php\/wp-json\/wp\/v2\/posts\/17987","targetHints":{"allow":["GET"]}}],"collection":[{"href":"http:\/\/staging.ibermusicas.org\/index.php\/wp-json\/wp\/v2\/posts"}],"about":[{"href":"http:\/\/staging.ibermusicas.org\/index.php\/wp-json\/wp\/v2\/types\/post"}],"author":[{"embeddable":true,"href":"http:\/\/staging.ibermusicas.org\/index.php\/wp-json\/wp\/v2\/users\/7"}],"replies":[{"embeddable":true,"href":"http:\/\/staging.ibermusicas.org\/index.php\/wp-json\/wp\/v2\/comments?post=17987"}],"version-history":[{"count":1,"href":"http:\/\/staging.ibermusicas.org\/index.php\/wp-json\/wp\/v2\/posts\/17987\/revisions"}],"predecessor-version":[{"id":17989,"href":"http:\/\/staging.ibermusicas.org\/index.php\/wp-json\/wp\/v2\/posts\/17987\/revisions\/17989"}],"wp:featuredmedia":[{"embeddable":true,"href":"http:\/\/staging.ibermusicas.org\/index.php\/wp-json\/wp\/v2\/media\/17988"}],"wp:attachment":[{"href":"http:\/\/staging.ibermusicas.org\/index.php\/wp-json\/wp\/v2\/media?parent=17987"}],"wp:term":[{"taxonomy":"category","embeddable":true,"href":"http:\/\/staging.ibermusicas.org\/index.php\/wp-json\/wp\/v2\/categories?post=17987"},{"taxonomy":"post_tag","embeddable":true,"href":"http:\/\/staging.ibermusicas.org\/index.php\/wp-json\/wp\/v2\/tags?post=17987"}],"curies":[{"name":"wp","href":"https:\/\/api.w.org\/{rel}","templated":true}]}}