{"id":17990,"date":"2024-02-28T13:41:33","date_gmt":"2024-02-28T13:41:33","guid":{"rendered":"http:\/\/staging.ibermusicas.org\/?p=17990"},"modified":"2024-03-27T03:20:49","modified_gmt":"2024-03-27T03:20:49","slug":"ernesto-luis-da-venezuela-e-rocio-pena-do-chile-apresentam-a-sua-cancao-la-sierra-vencedora-da-ultima-edicao-do-concurso-ibermusicas-de-creacion-de-cancion","status":"publish","type":"post","link":"http:\/\/staging.ibermusicas.org\/index.php\/ernesto-luis-da-venezuela-e-rocio-pena-do-chile-apresentam-a-sua-cancao-la-sierra-vencedora-da-ultima-edicao-do-concurso-ibermusicas-de-creacion-de-cancion\/","title":{"rendered":"Ernesto Luis, da Venezuela, e Roc\u00edo Pe\u00f1a, do Chile, apresentam a sua can\u00e7\u00e3o \u00abLa Sierra\u00bb, vencedora da \u00faltima edi\u00e7\u00e3o do concurso Iberm\u00fasicas de Creaci\u00f3n de Canci\u00f3n"},"content":{"rendered":"<p>La Sierra \u00e9 uma can\u00e7\u00e3o composta em 2023 pelo cantor e compositor venezuelano Ernesto Luis e pela cantora e compositora chilena Roc\u00edo Pe\u00f1a, que cantam ao amor a partir das paisagens do altiplano venezuelano e das montanhas chilenas, refletindo a saudade do encontro com os seus amores. Ambos encontraram-se em \u00abCanciones para la Alegr\u00eda\u00bb (Can\u00e7\u00f5es para a Alegria), um espa\u00e7o de concertos online que teve lugar na Venezuela e reuniu mais de 200 artistas de todo o mundo.<\/p>\n<p>&nbsp;<\/p>\n<p>O cantor e compositor venezuelano Ernesto Luis trabalha na fus\u00e3o de ritmos tradicionais venezuelanos com pop, reggae, salsa e outros sons de todo o mundo. A sua m\u00fasica viaja num mar que define uma proposta l\u00edrica quotidiana, alegre e universal. Canta as suas pr\u00f3prias hist\u00f3rias e as das pessoas que ama; as coisas mais simples e quotidianas. A sua m\u00fasica faz as pessoas felizes e ele sente que em cada uma das suas can\u00e7\u00f5es est\u00e1 a hist\u00f3ria das pessoas. \u00abTepuy\u00bb e \u00abLa Vaca\u00bb s\u00e3o duas das can\u00e7\u00f5es promocionais do seu primeiro \u00e1lbum \u00abEl Viaje\u00bb. Participou em festivais internacionais na Venezuela, Argentina e Cuba. Tamb\u00e9m partilhou o palco com artistas como Carlos Varela, Kelvis Ochoa, Cucurucho Vald\u00e9s, Jos\u00e9 Delgado, Amaranta P\u00e9rez, Manuel Leandro S\u00e1nchez, entre outros.<\/p>\n<p>&nbsp;<\/p>\n<p>Roc\u00edo Pe\u00f1a \u00e9 uma cantora e compositora chilena cujo trabalho \u00e9 o resultado de uma am\u00e1lgama sonora que incorpora elementos de singer-songwriter, folk e pop. O seu mais recente \u00e1lbum \u00abDel Trueno\u00bb (2020) \u00e9 um bouquet de can\u00e7\u00f5es que d\u00e1 voz ao mundo interior da cantora e compositora e apresenta uma reflex\u00e3o do sul do mundo: fragilidade, passagem do tempo, amor, territ\u00f3rios, revolu\u00e7\u00e3o e liberdade. Um encontro entre as ra\u00edzes e o lado mel\u00f3dico da can\u00e7\u00e3o. Foi produzido inteiramente por Turra Medina em Los Angeles, Calif\u00f3rnia. Ao vivo apresenta-se com facilidade tanto a solo com guitarra, ukulele, como com a sua banda, gerando espect\u00e1culos emotivos e cheios de nuances que nos transportam para as paisagens do sul, junto ao fogo, conseguindo integrar o p\u00fablico de uma forma acolhedora e envolvente. Lan\u00e7ou at\u00e9 \u00e0 data quatro \u00e1lbuns: \u00abDel Trueno\u00bb (2020); \u00abMemoria y canci\u00f3n en Pichi-Ropulli\u00bb (2017); \u00abAtardecer\u00bb (2009) e Roc\u00edo Pe\u00f1a (2008), bem como os singles \u00abTecho de Cristal\u00bb (2012) produzido por Angelo Pierattini e \u00abNube Negra\u00bb (2018) produzido por Javier Barr\u00eda e tema principal do filme Silencio, do realizador penquista Leo Pe\u00f1a. Roc\u00edo tem desenvolvido uma carreira multifacetada como trabalhadora da m\u00fasica, com experi\u00eancias como cantora e compositora, treinadora vocal e gestora de diferentes projectos culturais sempre ligados \u00e0 m\u00fasica, ao vivo e virtualmente. Tamb\u00e9m \u00e9 licenciada em Antropologia pela Universidad de Concepci\u00f3n (Chile), e \u00e9 professora certificada no m\u00e9todo hol\u00edstico de treino vocal Fitzmaurice Voicework, no Fitzmaurice Institute, Los Angeles, Calif\u00f3rnia, EUA.<\/p>\n<p>&nbsp;<\/p>\n<p>Ouvir em: <a href=\"https:\/\/open.spotify.com\/intl-es\/track\/7naOu4gajvMb58dsRp2qCo?si=bca716774cec4549\">https:\/\/open.spotify.com\/intl-es\/track\/7naOu4gajvMb58dsRp2qCo?si=bca716774cec4549<\/a><\/p>\n","protected":false},"excerpt":{"rendered":"<p>La Sierra \u00e9 uma can\u00e7\u00e3o composta em 2023 pelo cantor e compositor venezuelano Ernesto Luis e pela cantora e compositora chilena Roc\u00edo Pe\u00f1a, que cantam ao amor a partir das paisagens do altiplano venezuelano e das montanhas chilenas, refletindo a saudade do encontro com os seus amores. Ambos encontraram-se em \u00abCanciones para la Alegr\u00eda\u00bb (Can\u00e7\u00f5es [&hellip;]<\/p>\n","protected":false},"author":7,"featured_media":17988,"comment_status":"closed","ping_status":"closed","sticky":false,"template":"","format":"standard","meta":{"footnotes":""},"categories":[218],"tags":[],"class_list":["post-17990","post","type-post","status-publish","format-standard","has-post-thumbnail","hentry","category-noticias-generales-pt"],"lang":"pt","translations":{"pt":17990,"es":17987},"pll_sync_post":[],"post_mailing_queue_ids":[],"_links":{"self":[{"href":"http:\/\/staging.ibermusicas.org\/index.php\/wp-json\/wp\/v2\/posts\/17990","targetHints":{"allow":["GET"]}}],"collection":[{"href":"http:\/\/staging.ibermusicas.org\/index.php\/wp-json\/wp\/v2\/posts"}],"about":[{"href":"http:\/\/staging.ibermusicas.org\/index.php\/wp-json\/wp\/v2\/types\/post"}],"author":[{"embeddable":true,"href":"http:\/\/staging.ibermusicas.org\/index.php\/wp-json\/wp\/v2\/users\/7"}],"replies":[{"embeddable":true,"href":"http:\/\/staging.ibermusicas.org\/index.php\/wp-json\/wp\/v2\/comments?post=17990"}],"version-history":[{"count":1,"href":"http:\/\/staging.ibermusicas.org\/index.php\/wp-json\/wp\/v2\/posts\/17990\/revisions"}],"predecessor-version":[{"id":17991,"href":"http:\/\/staging.ibermusicas.org\/index.php\/wp-json\/wp\/v2\/posts\/17990\/revisions\/17991"}],"wp:featuredmedia":[{"embeddable":true,"href":"http:\/\/staging.ibermusicas.org\/index.php\/wp-json\/wp\/v2\/media\/17988"}],"wp:attachment":[{"href":"http:\/\/staging.ibermusicas.org\/index.php\/wp-json\/wp\/v2\/media?parent=17990"}],"wp:term":[{"taxonomy":"category","embeddable":true,"href":"http:\/\/staging.ibermusicas.org\/index.php\/wp-json\/wp\/v2\/categories?post=17990"},{"taxonomy":"post_tag","embeddable":true,"href":"http:\/\/staging.ibermusicas.org\/index.php\/wp-json\/wp\/v2\/tags?post=17990"}],"curies":[{"name":"wp","href":"https:\/\/api.w.org\/{rel}","templated":true}]}}