{"id":17992,"date":"2024-02-28T13:43:20","date_gmt":"2024-02-28T13:43:20","guid":{"rendered":"http:\/\/staging.ibermusicas.org\/?p=17992"},"modified":"2024-03-27T03:23:50","modified_gmt":"2024-03-27T03:23:50","slug":"la-clarinetista-chilena-javiera-hunfan-presenta-su-curso-de-clarinete-ritmo-lenguaje-e-interpretacion-del-choro","status":"publish","type":"post","link":"http:\/\/staging.ibermusicas.org\/index.php\/la-clarinetista-chilena-javiera-hunfan-presenta-su-curso-de-clarinete-ritmo-lenguaje-e-interpretacion-del-choro\/","title":{"rendered":"La clarinetista chilena Javiera Hunfan presenta su Curso de Clarinete: Ritmo, Lenguaje e Interpretaci\u00f3n del Choro"},"content":{"rendered":"<p>Este proyecto tiene como objetivo realizar un curso de clarinete nivel intermedio\/avanzado, enfocado al ritmo, lenguaje e interpretaci\u00f3n del Choro, primer g\u00e9nero musical genuinamente brasilero con gran importancia a nivel mundial.<\/p>\n<p>&nbsp;<\/p>\n<p>Este curso tendr\u00e1 una duraci\u00f3n de 16 semanas, contando con un total de 32 clases distribuidas en dos grupos humanos diferentes (grupo A y B) a realizarse durante 4 meses (abril, mayo, junio y julio). El curso estar\u00e1 orientado a clarinetistas populares y doctos y abordar\u00e1 tem\u00e1ticas sobre historia, claves r\u00edtmicas, exponentes del clarinete, repertorio y t\u00e9cnica. Adem\u00e1s, contar\u00e1 con la participaci\u00f3n del guitarrista y profesor brasilero Kevin Augusto Moreira de Oliveira.<\/p>\n<p>&nbsp;<\/p>\n<p>El curso tiene por objeto transmitir los conocimientos que Javiera ha adquirido en S\u00e3o Paulo, lugar donde ha podido aprender con dos grandes maestros del clarinete (Nailor Azevedo y Alexandre Ribeiro) y participando activamente de los encuentros musicales y Rodas de Choro de la Escuela de Choro de S\u00e3o Paulo y de otros lugares de la ciudad.<\/p>\n<p>&nbsp;<\/p>\n<p>Javiera Hunfan es originaria de Santiago, Chile. Inici\u00f3 sus estudios de clarinete en 2015, mostrando siempre inter\u00e9s por la m\u00fasica popular brasile\u00f1a. Form\u00f3 diversos grupos siendo una figura importante para el movimiento del choro en Chile. Adem\u00e1s de eso desarroll\u00f3 diversos proyectos especializados en ritmos de la m\u00fasica latinoamericana tales como tango, milonga, vals, pasillos y tonadas. Particip\u00f3 de la grabaci\u00f3n del segundo disco de la banda SUBE, grab\u00f3 un concierto en vivo con el grupo La Molienda, adem\u00e1s de colaborar en otros proyectos de artistas chilenos.<\/p>\n<p>&nbsp;<\/p>\n<p>\u00abSu \u00faltimo importante lanzamiento fue el disco \u00abEnmara\u00f1ao (2022)\u00bb, grabado con su grupo \u00abTr\u00edo Enmara\u00f1ao\u00bb, lanzado en Chile y en S\u00e3o Paulo, Brasil.<\/p>\n<p>&nbsp;<\/p>\n<p>En 2022, viaja a S\u00e3o Paulo a perfeccionar sus estudios con el maestro Nailor Proveta, y posteriormente en 2023, con Alexandre Ribeiro. Se ha presentado en diversos festivales como el Chorando Sem Parar (S\u00e3o Carlos, SP) y Choro da Casa (Riber\u00e3o Preto, SP), y actualmente est\u00e1 desarrollando diferentes proyectos musicales como \u00abOrquestra Turuna\u00bb y \u00abD\u00fao Saracoteando\u00bb.<\/p>\n<p>&nbsp;<\/p>\n<p>Este proyecto de Javiera Hunfan y Kevin Augusto Moreira de Oliveira ha sido beneficiario de Iberm\u00fasicas en su l\u00ednea de acci\u00f3n de \u00abAyudas al Sector Musical en Modalidad Virtual\u00bb, convocatoria 2023.<\/p>\n","protected":false},"excerpt":{"rendered":"<p>Este proyecto tiene como objetivo realizar un curso de clarinete nivel intermedio\/avanzado, enfocado al ritmo, lenguaje e interpretaci\u00f3n del Choro, primer g\u00e9nero musical genuinamente brasilero con gran importancia a nivel mundial. &nbsp; Este curso tendr\u00e1 una duraci\u00f3n de 16 semanas, contando con un total de 32 clases distribuidas en dos grupos humanos diferentes (grupo A [&hellip;]<\/p>\n","protected":false},"author":7,"featured_media":17993,"comment_status":"closed","ping_status":"closed","sticky":false,"template":"","format":"standard","meta":{"footnotes":""},"categories":[53],"tags":[],"class_list":["post-17992","post","type-post","status-publish","format-standard","has-post-thumbnail","hentry","category-noticias-generales"],"lang":"es","translations":{"es":17992,"pt":17995},"pll_sync_post":[],"post_mailing_queue_ids":[],"_links":{"self":[{"href":"http:\/\/staging.ibermusicas.org\/index.php\/wp-json\/wp\/v2\/posts\/17992","targetHints":{"allow":["GET"]}}],"collection":[{"href":"http:\/\/staging.ibermusicas.org\/index.php\/wp-json\/wp\/v2\/posts"}],"about":[{"href":"http:\/\/staging.ibermusicas.org\/index.php\/wp-json\/wp\/v2\/types\/post"}],"author":[{"embeddable":true,"href":"http:\/\/staging.ibermusicas.org\/index.php\/wp-json\/wp\/v2\/users\/7"}],"replies":[{"embeddable":true,"href":"http:\/\/staging.ibermusicas.org\/index.php\/wp-json\/wp\/v2\/comments?post=17992"}],"version-history":[{"count":1,"href":"http:\/\/staging.ibermusicas.org\/index.php\/wp-json\/wp\/v2\/posts\/17992\/revisions"}],"predecessor-version":[{"id":17994,"href":"http:\/\/staging.ibermusicas.org\/index.php\/wp-json\/wp\/v2\/posts\/17992\/revisions\/17994"}],"wp:featuredmedia":[{"embeddable":true,"href":"http:\/\/staging.ibermusicas.org\/index.php\/wp-json\/wp\/v2\/media\/17993"}],"wp:attachment":[{"href":"http:\/\/staging.ibermusicas.org\/index.php\/wp-json\/wp\/v2\/media?parent=17992"}],"wp:term":[{"taxonomy":"category","embeddable":true,"href":"http:\/\/staging.ibermusicas.org\/index.php\/wp-json\/wp\/v2\/categories?post=17992"},{"taxonomy":"post_tag","embeddable":true,"href":"http:\/\/staging.ibermusicas.org\/index.php\/wp-json\/wp\/v2\/tags?post=17992"}],"curies":[{"name":"wp","href":"https:\/\/api.w.org\/{rel}","templated":true}]}}