{"id":17997,"date":"2024-02-28T13:46:31","date_gmt":"2024-02-28T13:46:31","guid":{"rendered":"http:\/\/staging.ibermusicas.org\/?p=17997"},"modified":"2024-02-28T13:46:31","modified_gmt":"2024-02-28T13:46:31","slug":"la-artista-uruguaya-melani-luraschi-anuncia-sus-proximos-conciertos-en-argentina","status":"publish","type":"post","link":"http:\/\/staging.ibermusicas.org\/index.php\/la-artista-uruguaya-melani-luraschi-anuncia-sus-proximos-conciertos-en-argentina\/","title":{"rendered":"La artista uruguaya Melan\u00ed Luraschi anuncia sus pr\u00f3ximos conciertos en Argentina"},"content":{"rendered":"<p>Con el apoyo de Iberm\u00fasicas, Melan\u00ed Luraschi se encuentra realizando un trabajo de residencia compositiva en Cerro Colorado, C\u00f3rdoba en la que fuera la casa de Atahualpa Yupanqui y de su esposa Antonietta Paule Pepin Fitzpatrick (Nenette).<\/p>\n<p>&nbsp;<\/p>\n<p>Esta residencia se enfoca en la vida y la obra de Nenette quien fuera coautora de muchas de las canciones m\u00e1s conocidas del Yupanqui, pero que en la \u00e9poca tuvo que firmar con un seud\u00f3nimo masculino: Pablo del Cerro. La residencia pretende visibilizar y poner en valor la figura de Nenette como pianista y compositora.<\/p>\n<p>&nbsp;<\/p>\n<p>Aprovechando su estancia en Argentina, Melan\u00ed Luraschi realizar\u00e1 varios conciertos en escenarios de C\u00f3rdoba y de Buenos Aires.<\/p>\n<p>&nbsp;<\/p>\n<p>Melan\u00ed Luraschi es compositora, productora y poeta oriunda de Maldonado, Uruguay. Sus canciones de ra\u00edz rioplatense y latina, son a veces m\u00e1s jazzeras, otras m\u00e1s pop. Le canta a la potencialidad de los cuerpos, a la paradoja de las fronteras, inspirada por las mil formas de los v\u00ednculos humanos y la inmensidad de la naturaleza. Escribe y canta en castellano, portugu\u00e9s y franc\u00e9s. Actualmente reside en Par\u00eds, por estudios musicales. Ha editado dos \u00e1lbumes con temas propios, un EP junto a Eduardo Larbanois, y tres singles entre los cuales comparte con Julieta Rada y Lisandro Aristimu\u00f1o.<\/p>\n<p>&nbsp;<\/p>\n<p>Su m\u00fasica ha sido elogiada por artistas con quienes se identifica, como la brasile\u00f1a Mar\u00eda Gad\u00fa, la mexicana Natalia Lafourcade y la peruana Susana Baca. En 2018 fue seleccionada por el Mercado de Industrias Creativas de Uruguay (MicUY) para representar a Uruguay en un showcase en el Mercado de Industrias Creativas de Brasil (MicBR), realizado en la ciudad de S\u00e3o Paulo. En ese mismo a\u00f1o viaj\u00f3 al Festival M\u00fasica de Rua (Caxias do Sul) con el apoyo de Iberm\u00fasicas. En 2019 abri\u00f3 el show de Cyrille Aim\u00e9e (Francia) en el marco del Jazz Tour en el Teatro Sol\u00eds de Montevideo, en 2020 el de Fernando Cabrera en Medio y Medio (Punta Ballena) y en 2022 el de la reconocida banda NTVG en Punta del Este.<\/p>\n<p>&nbsp;<\/p>\n<p>En el a\u00f1o 2021 fue seleccionada para participar de una beca de producci\u00f3n musical en Bolonia. En el a\u00f1o 2022 la canci\u00f3n de su autor\u00eda \u00bbProfundo\u00bb fue seleccionada como parte del soundtrack de la serie de Amazon Prime Video \u00bbEl fin del amor\u00bb protagonizada por Lali Esp\u00f3sito.<\/p>\n<p>&nbsp;<\/p>\n<p>Paralelo a la m\u00fasica es coordinadora y creadora desde el a\u00f1o 2012 de un espacio vinculado a las artes esc\u00e9nicas \u00bbCamino de las aguas\u00bb en la ciudad de Maldonado, Uruguay donde de forma ininterrumpida se realizan talleres para ni\u00f1os.<\/p>\n<p>&nbsp;<\/p>\n<ul>\n<li>2 de marzo: Alfonsina Bar Cultural, C\u00f3rdoba Capital<\/li>\n<li>3 de marzo: Las Martas Bar Cultural, Villa Anim\u00ed, Sierras Chicas, C\u00f3rdoba<\/li>\n<li>8 de marzo: Fundaci\u00f3n Atahualpa Yupanqui, Cerro Colorado, C\u00f3rdoba<\/li>\n<li>15 de marzo: Nempla, Buenos Aires<\/li>\n<\/ul>\n","protected":false},"excerpt":{"rendered":"<p>Con el apoyo de Iberm\u00fasicas, Melan\u00ed Luraschi se encuentra realizando un trabajo de residencia compositiva en Cerro Colorado, C\u00f3rdoba en la que fuera la casa de Atahualpa Yupanqui y de su esposa Antonietta Paule Pepin Fitzpatrick (Nenette). &nbsp; Esta residencia se enfoca en la vida y la obra de Nenette quien fuera coautora de muchas [&hellip;]<\/p>\n","protected":false},"author":7,"featured_media":17998,"comment_status":"closed","ping_status":"closed","sticky":false,"template":"","format":"standard","meta":{"footnotes":""},"categories":[53],"tags":[],"class_list":["post-17997","post","type-post","status-publish","format-standard","has-post-thumbnail","hentry","category-noticias-generales"],"lang":"es","translations":{"es":17997,"pt":18000},"pll_sync_post":[],"post_mailing_queue_ids":[],"_links":{"self":[{"href":"http:\/\/staging.ibermusicas.org\/index.php\/wp-json\/wp\/v2\/posts\/17997","targetHints":{"allow":["GET"]}}],"collection":[{"href":"http:\/\/staging.ibermusicas.org\/index.php\/wp-json\/wp\/v2\/posts"}],"about":[{"href":"http:\/\/staging.ibermusicas.org\/index.php\/wp-json\/wp\/v2\/types\/post"}],"author":[{"embeddable":true,"href":"http:\/\/staging.ibermusicas.org\/index.php\/wp-json\/wp\/v2\/users\/7"}],"replies":[{"embeddable":true,"href":"http:\/\/staging.ibermusicas.org\/index.php\/wp-json\/wp\/v2\/comments?post=17997"}],"version-history":[{"count":1,"href":"http:\/\/staging.ibermusicas.org\/index.php\/wp-json\/wp\/v2\/posts\/17997\/revisions"}],"predecessor-version":[{"id":17999,"href":"http:\/\/staging.ibermusicas.org\/index.php\/wp-json\/wp\/v2\/posts\/17997\/revisions\/17999"}],"wp:featuredmedia":[{"embeddable":true,"href":"http:\/\/staging.ibermusicas.org\/index.php\/wp-json\/wp\/v2\/media\/17998"}],"wp:attachment":[{"href":"http:\/\/staging.ibermusicas.org\/index.php\/wp-json\/wp\/v2\/media?parent=17997"}],"wp:term":[{"taxonomy":"category","embeddable":true,"href":"http:\/\/staging.ibermusicas.org\/index.php\/wp-json\/wp\/v2\/categories?post=17997"},{"taxonomy":"post_tag","embeddable":true,"href":"http:\/\/staging.ibermusicas.org\/index.php\/wp-json\/wp\/v2\/tags?post=17997"}],"curies":[{"name":"wp","href":"https:\/\/api.w.org\/{rel}","templated":true}]}}