{"id":18007,"date":"2024-02-28T13:53:16","date_gmt":"2024-02-28T13:53:16","guid":{"rendered":"http:\/\/staging.ibermusicas.org\/?p=18007"},"modified":"2024-03-27T03:23:38","modified_gmt":"2024-03-27T03:23:38","slug":"nidia-gongora-embajadora-de-la-musica-del-pacifico-colombiano-presenta-su-gira-por-mexico-de-pacifico-a-pacifico","status":"publish","type":"post","link":"http:\/\/staging.ibermusicas.org\/index.php\/nidia-gongora-embajadora-de-la-musica-del-pacifico-colombiano-presenta-su-gira-por-mexico-de-pacifico-a-pacifico\/","title":{"rendered":"Nidia G\u00f3ngora, embajadora de la m\u00fasica del pac\u00edfico colombiano presenta su gira por M\u00e9xico \u201cDe Pac\u00edfico a Pac\u00edfico\u201d"},"content":{"rendered":"<p>La reconocida compositora y cantora Nidia G\u00f3ngora, embajadora de la m\u00fasica del pac\u00edfico colombiano, inicia una gira que busca poner a gozar a sus espectadores con toda la energ\u00eda que caracteriza a la cultura de su tierra natal.<\/p>\n<p>&nbsp;<\/p>\n<p>Esta gira llevar\u00e1 a Nidia G\u00f3ngora a trav\u00e9s de diversas ciudades, reforzando el v\u00ednculo cultural entre Colombia y M\u00e9xico de sur a norte por la costa pac\u00edfica del continente americano. Cada parada promete una experiencia sonora \u00fanica y enriquecedora. En este emocionante viaje, Nidia G\u00f3ngora compartir\u00e1 su profundo conocimiento de la m\u00fasica tradicional del Pac\u00edfico colombiano, fusionando lo aut\u00e9ntico con lo contempor\u00e1neo.<\/p>\n<p>&nbsp;<\/p>\n<p>La maestra Nidia estar\u00e1 presentando su repertorio como solista acompa\u00f1ada de una banda de m\u00fasicos de diferentes regiones de Colombia como Guapi, Buenaventura, Cali y Bogot\u00e1. La gira tambi\u00e9n incluir\u00e1 un Conversatorio sobre Cultura de Paz en la Ciudad de M\u00e9xico, y un set electr\u00f3nico de voz y DJ en el Foro Hilvana de CDMX, y en Bloodlust en Baja California.<\/p>\n<p>&nbsp;<\/p>\n<p>La cantora e investigadora Nidia G\u00f3ngora, lleva consigo no solo su talento excepcional sino tambi\u00e9n la riqueza cultural de su tierra natal, Timbiqu\u00ed (Cauca). Su habilidad para fusionar lo tradicional con lo contempor\u00e1neo busca dejar una huella duradera en el panorama musical internacional. Con m\u00e1s de 20 a\u00f1os de experiencia, Nidia G\u00f3ngora es una cantora e investigadora de la m\u00fasica tradicional del Pac\u00edfico Sur colombiano. Reconocida con el Premio Shock y nominada al Grammy Latino, su m\u00fasica trasciende fronteras y enriquece la escena musical global.<\/p>\n<p>&nbsp;<\/p>\n<p>Nidia G\u00f3ngora ha sido premiada por Iberm\u00fasicas en la categor\u00eda \u201cAyudas al sector musical para la circulaci\u00f3n\u201d.<\/p>\n<p>&nbsp;<\/p>\n<p>&nbsp;<\/p>\n<ul>\n<li>2 de marzo: Portam\u00e9rica Latitudes, Guadalajara, M\u00e9xico<\/li>\n<li>5 de marzo: Conversatorio en Cultura de la Paz, CDMX, M\u00e9xico<\/li>\n<li>6 de marzo: Jazzatl\u00e1n, CDMX, M\u00e9xico<\/li>\n<li>7 de marzo: Foro Hilvana, CDMX, M\u00e9xico<\/li>\n<li>9 de marzo: Bloodlust, Valle de Guadalupe, M\u00e9xico<\/li>\n<li>10 de marzo: La Estrella, Tijuana, M\u00e9xico<\/li>\n<\/ul>\n","protected":false},"excerpt":{"rendered":"<p>La reconocida compositora y cantora Nidia G\u00f3ngora, embajadora de la m\u00fasica del pac\u00edfico colombiano, inicia una gira que busca poner a gozar a sus espectadores con toda la energ\u00eda que caracteriza a la cultura de su tierra natal. &nbsp; Esta gira llevar\u00e1 a Nidia G\u00f3ngora a trav\u00e9s de diversas ciudades, reforzando el v\u00ednculo cultural entre [&hellip;]<\/p>\n","protected":false},"author":7,"featured_media":18008,"comment_status":"closed","ping_status":"closed","sticky":false,"template":"","format":"standard","meta":{"footnotes":""},"categories":[53],"tags":[],"class_list":["post-18007","post","type-post","status-publish","format-standard","has-post-thumbnail","hentry","category-noticias-generales"],"lang":"es","translations":{"es":18007,"pt":18010},"pll_sync_post":[],"post_mailing_queue_ids":[],"_links":{"self":[{"href":"http:\/\/staging.ibermusicas.org\/index.php\/wp-json\/wp\/v2\/posts\/18007","targetHints":{"allow":["GET"]}}],"collection":[{"href":"http:\/\/staging.ibermusicas.org\/index.php\/wp-json\/wp\/v2\/posts"}],"about":[{"href":"http:\/\/staging.ibermusicas.org\/index.php\/wp-json\/wp\/v2\/types\/post"}],"author":[{"embeddable":true,"href":"http:\/\/staging.ibermusicas.org\/index.php\/wp-json\/wp\/v2\/users\/7"}],"replies":[{"embeddable":true,"href":"http:\/\/staging.ibermusicas.org\/index.php\/wp-json\/wp\/v2\/comments?post=18007"}],"version-history":[{"count":1,"href":"http:\/\/staging.ibermusicas.org\/index.php\/wp-json\/wp\/v2\/posts\/18007\/revisions"}],"predecessor-version":[{"id":18009,"href":"http:\/\/staging.ibermusicas.org\/index.php\/wp-json\/wp\/v2\/posts\/18007\/revisions\/18009"}],"wp:featuredmedia":[{"embeddable":true,"href":"http:\/\/staging.ibermusicas.org\/index.php\/wp-json\/wp\/v2\/media\/18008"}],"wp:attachment":[{"href":"http:\/\/staging.ibermusicas.org\/index.php\/wp-json\/wp\/v2\/media?parent=18007"}],"wp:term":[{"taxonomy":"category","embeddable":true,"href":"http:\/\/staging.ibermusicas.org\/index.php\/wp-json\/wp\/v2\/categories?post=18007"},{"taxonomy":"post_tag","embeddable":true,"href":"http:\/\/staging.ibermusicas.org\/index.php\/wp-json\/wp\/v2\/tags?post=18007"}],"curies":[{"name":"wp","href":"https:\/\/api.w.org\/{rel}","templated":true}]}}