{"id":18010,"date":"2024-02-28T13:54:37","date_gmt":"2024-02-28T13:54:37","guid":{"rendered":"http:\/\/staging.ibermusicas.org\/?p=18010"},"modified":"2024-03-27T03:20:41","modified_gmt":"2024-03-27T03:20:41","slug":"nidia-gongora-embaixadora-da-musica-do-pacifico-colombiano-apresenta-sua-turne-no-mexico-de-pacifico-a-pacifico","status":"publish","type":"post","link":"http:\/\/staging.ibermusicas.org\/index.php\/nidia-gongora-embaixadora-da-musica-do-pacifico-colombiano-apresenta-sua-turne-no-mexico-de-pacifico-a-pacifico\/","title":{"rendered":"Nidia G\u00f3ngora, embaixadora da m\u00fasica do Pac\u00edfico colombiano, apresenta sua turn\u00ea no M\u00e9xico \u00abDe Pac\u00edfico a Pac\u00edfico\u00bb"},"content":{"rendered":"<p>A renomada compositora e cantora Nidia G\u00f3ngora, embaixadora da m\u00fasica do Pac\u00edfico colombiano, come\u00e7a uma turn\u00ea que pretende encantar seu p\u00fablico com toda a energia que caracteriza a cultura de sua terra natal.<\/p>\n<p>&nbsp;<\/p>\n<p>Essa turn\u00ea levar\u00e1 Nidia G\u00f3ngora a v\u00e1rias cidades, refor\u00e7ando o v\u00ednculo cultural entre a Col\u00f4mbia e o M\u00e9xico, de sul a norte, ao longo da costa do Pac\u00edfico do continente americano. Cada parada promete uma experi\u00eancia sonora \u00fanica e enriquecedora. Nessa emocionante jornada, Nidia G\u00f3ngora compartilhar\u00e1 seu profundo conhecimento da m\u00fasica tradicional do Pac\u00edfico colombiano, fundindo o aut\u00eantico com o contempor\u00e2neo.<\/p>\n<p>&nbsp;<\/p>\n<p>Nidia G\u00f3ngora apresentar\u00e1 seu repert\u00f3rio como solista acompanhada por uma banda de m\u00fasicos de diferentes regi\u00f5es da Col\u00f4mbia, como Guapi, Buenaventura, Cali e Bogot\u00e1. A turn\u00ea tamb\u00e9m incluiu uma Conversa\u00e7\u00e3o sobre Cultura de Paz na Cidade do M\u00e9xico, e um DJ set no Foro Hilvana em CDMX, e no Bloodlust em Baja California.<\/p>\n<p>&nbsp;<\/p>\n<p>A cantora e pesquisadora Nidia G\u00f3ngora leva consigo n\u00e3o apenas seu talento excepcional, mas tamb\u00e9m a riqueza cultural de sua terra natal, Timbiqu\u00ed (Cauca). Sua capacidade de fundir o tradicional com o contempor\u00e2neo busca deixar uma marca duradoura no cen\u00e1rio musical internacional. Com mais de 20 anos de experi\u00eancia, Nidia G\u00f3ngora \u00e9 cantora e pesquisadora da m\u00fasica tradicional do Pac\u00edfico Sul colombiano. Reconhecida com o Pr\u00eamio Shock e indicada para o Grammy Latino, sua m\u00fasica transcende fronteiras e enriquece o cen\u00e1rio musical global.<\/p>\n<p>&nbsp;<\/p>\n<p>Nidia G\u00f3ngora foi premiada pelo Programa Iberm\u00fasicas na categoria \u00bb Ajudas ao setor musical para a circula\u00e7\u00e3o\u00bb.<\/p>\n<ul>\n<li>2 de mar\u00e7o: Portamerica Latitudes, Guadalajara, M\u00e9xico<\/li>\n<li>5 de mar\u00e7o: Conversatorio en Cultura de la Paz, CDMX, M\u00e9xico<\/li>\n<li>6 de mar\u00e7o: Jazzatl\u00e1n, CDMX, M\u00e9xico<\/li>\n<li>7 de mar\u00e7o: Foro Hilvana, CDMX, M\u00e9xico<\/li>\n<li>9 de mar\u00e7o: Bloodlust, Valle de Guadalupe, M\u00e9xico<\/li>\n<li>10 de mar\u00e7o: La Estrella, Tijuana, M\u00e9xico<\/li>\n<\/ul>\n","protected":false},"excerpt":{"rendered":"<p>A renomada compositora e cantora Nidia G\u00f3ngora, embaixadora da m\u00fasica do Pac\u00edfico colombiano, come\u00e7a uma turn\u00ea que pretende encantar seu p\u00fablico com toda a energia que caracteriza a cultura de sua terra natal. &nbsp; Essa turn\u00ea levar\u00e1 Nidia G\u00f3ngora a v\u00e1rias cidades, refor\u00e7ando o v\u00ednculo cultural entre a Col\u00f4mbia e o M\u00e9xico, de sul a [&hellip;]<\/p>\n","protected":false},"author":7,"featured_media":18008,"comment_status":"closed","ping_status":"closed","sticky":false,"template":"","format":"standard","meta":{"footnotes":""},"categories":[218],"tags":[],"class_list":["post-18010","post","type-post","status-publish","format-standard","has-post-thumbnail","hentry","category-noticias-generales-pt"],"lang":"pt","translations":{"pt":18010,"es":18007},"pll_sync_post":[],"post_mailing_queue_ids":[],"_links":{"self":[{"href":"http:\/\/staging.ibermusicas.org\/index.php\/wp-json\/wp\/v2\/posts\/18010","targetHints":{"allow":["GET"]}}],"collection":[{"href":"http:\/\/staging.ibermusicas.org\/index.php\/wp-json\/wp\/v2\/posts"}],"about":[{"href":"http:\/\/staging.ibermusicas.org\/index.php\/wp-json\/wp\/v2\/types\/post"}],"author":[{"embeddable":true,"href":"http:\/\/staging.ibermusicas.org\/index.php\/wp-json\/wp\/v2\/users\/7"}],"replies":[{"embeddable":true,"href":"http:\/\/staging.ibermusicas.org\/index.php\/wp-json\/wp\/v2\/comments?post=18010"}],"version-history":[{"count":1,"href":"http:\/\/staging.ibermusicas.org\/index.php\/wp-json\/wp\/v2\/posts\/18010\/revisions"}],"predecessor-version":[{"id":18011,"href":"http:\/\/staging.ibermusicas.org\/index.php\/wp-json\/wp\/v2\/posts\/18010\/revisions\/18011"}],"wp:featuredmedia":[{"embeddable":true,"href":"http:\/\/staging.ibermusicas.org\/index.php\/wp-json\/wp\/v2\/media\/18008"}],"wp:attachment":[{"href":"http:\/\/staging.ibermusicas.org\/index.php\/wp-json\/wp\/v2\/media?parent=18010"}],"wp:term":[{"taxonomy":"category","embeddable":true,"href":"http:\/\/staging.ibermusicas.org\/index.php\/wp-json\/wp\/v2\/categories?post=18010"},{"taxonomy":"post_tag","embeddable":true,"href":"http:\/\/staging.ibermusicas.org\/index.php\/wp-json\/wp\/v2\/tags?post=18010"}],"curies":[{"name":"wp","href":"https:\/\/api.w.org\/{rel}","templated":true}]}}