{"id":18012,"date":"2024-02-28T14:13:27","date_gmt":"2024-02-28T14:13:27","guid":{"rendered":"http:\/\/staging.ibermusicas.org\/?p=18012"},"modified":"2024-02-28T14:13:27","modified_gmt":"2024-02-28T14:13:27","slug":"alejandra-cardenas-presenta-su-trabajo-de-investigacion-el-amanecer-del-sonido-electronico-por-mujeres-latinoamericanas","status":"publish","type":"post","link":"http:\/\/staging.ibermusicas.org\/index.php\/alejandra-cardenas-presenta-su-trabajo-de-investigacion-el-amanecer-del-sonido-electronico-por-mujeres-latinoamericanas\/","title":{"rendered":"Alejandra C\u00e1rdenas presenta su trabajo de investigaci\u00f3n \u201cEl amanecer del sonido electr\u00f3nico por mujeres latinoamericanas\u201d"},"content":{"rendered":"<p>\u201cEl amanecer del sonido electr\u00f3nico por mujeres latinoamericanas\u201d es una publicaci\u00f3n que presenta una colecci\u00f3n de perspectivas, ensayos, entrevistas y rese\u00f1as centradas en la producci\u00f3n musical electr\u00f3nica de las primeras creadoras latinoamericanas, activas entre las d\u00e9cadas de 1960 y 1980.<\/p>\n<p>&nbsp;<\/p>\n<p>Los textos presentados nos acercan al trabajo de una nueva generaci\u00f3n de investigadoras que se han centrado en ofrecer una lectura no can\u00f3nica de la historia de la m\u00fasica y la tecnolog\u00eda en Am\u00e9rica Latina.<\/p>\n<p>&nbsp;<\/p>\n<p>Esta publicaci\u00f3n es adem\u00e1s, el registro de una nueva visi\u00f3n, un relato de la condici\u00f3n de ser mujer en el campo de la tecnolog\u00eda musical en una \u00e9poca en que \u00e9ste era un \u00e1mbito predominantemente masculino. Asimismo, el marco de este proyecto editorial abri\u00f3 un espacio para el di\u00e1logo intergeneracional y el encuentro de est\u00e9ticas, ya que muchas de las autoras aqu\u00ed reunidas son ellas mismas creadoras sonoras.<\/p>\n<p>&nbsp;<\/p>\n<p>El trabajo contiene textos de: Gabriela Aceves Sep\u00falveda, L\u00edlian Campesato, Susan Campos Fonseca, Susana S\u00e1nchez Carballo, Constanza Castagnet, Cristina Collazos, Daniela Fugellie, Isabelia Herrera, Nicole L\u2019Huillier, Alma Laprida, Marcela Laura Perrone, Marcela Lucatelli, Ana Mar\u00eda Romano, Adaivis Marr\u00f3n P\u00e9rez, Jacqueline Nova, Sof\u00eda Scheps, Madelline Sevilla, Natasha Tiniacos, Paola Torres N\u00fa\u00f1ez del Prado y Gabi Yaya.<\/p>\n<p>&nbsp;<\/p>\n<p>Este proyecto editado por: Luis Alvarado y Alejandra C\u00e1rdenas fue posible gracias al apoyo del Programa Iberm\u00fasicas.<\/p>\n<p>&nbsp;<\/p>\n<p>S\u00e1bado 2 de Marzo, RADIO CASo &#8211; 18H AR (CET-4)<\/p>\n<p>https:\/\/centrodeartesonoro.cultura.gob.ar<\/p>\n<blockquote class=\"wp-embedded-content\" data-secret=\"OjissVAJsY\"><p><a href=\"https:\/\/www.contingentsounds.com\/\">Home<\/a><\/p><\/blockquote>\n<p><iframe loading=\"lazy\" class=\"wp-embedded-content\" sandbox=\"allow-scripts\" security=\"restricted\" style=\"position: absolute; visibility: hidden;\" title=\"&#8220;Home&#8221; &#8212; Contingent Sounds\" src=\"https:\/\/www.contingentsounds.com\/embed\/#?secret=BEFxP2Vdbf#?secret=OjissVAJsY\" data-secret=\"OjissVAJsY\" width=\"500\" height=\"282\" frameborder=\"0\" marginwidth=\"0\" marginheight=\"0\" scrolling=\"no\"><\/iframe><\/p>\n","protected":false},"excerpt":{"rendered":"<p>\u201cEl amanecer del sonido electr\u00f3nico por mujeres latinoamericanas\u201d es una publicaci\u00f3n que presenta una colecci\u00f3n de perspectivas, ensayos, entrevistas y rese\u00f1as centradas en la producci\u00f3n musical electr\u00f3nica de las primeras creadoras latinoamericanas, activas entre las d\u00e9cadas de 1960 y 1980. &nbsp; Los textos presentados nos acercan al trabajo de una nueva generaci\u00f3n de investigadoras que [&hellip;]<\/p>\n","protected":false},"author":7,"featured_media":18013,"comment_status":"closed","ping_status":"closed","sticky":false,"template":"","format":"standard","meta":{"footnotes":""},"categories":[53],"tags":[],"class_list":["post-18012","post","type-post","status-publish","format-standard","has-post-thumbnail","hentry","category-noticias-generales"],"lang":"es","translations":{"es":18012,"pt":18015},"pll_sync_post":[],"post_mailing_queue_ids":[],"_links":{"self":[{"href":"http:\/\/staging.ibermusicas.org\/index.php\/wp-json\/wp\/v2\/posts\/18012","targetHints":{"allow":["GET"]}}],"collection":[{"href":"http:\/\/staging.ibermusicas.org\/index.php\/wp-json\/wp\/v2\/posts"}],"about":[{"href":"http:\/\/staging.ibermusicas.org\/index.php\/wp-json\/wp\/v2\/types\/post"}],"author":[{"embeddable":true,"href":"http:\/\/staging.ibermusicas.org\/index.php\/wp-json\/wp\/v2\/users\/7"}],"replies":[{"embeddable":true,"href":"http:\/\/staging.ibermusicas.org\/index.php\/wp-json\/wp\/v2\/comments?post=18012"}],"version-history":[{"count":1,"href":"http:\/\/staging.ibermusicas.org\/index.php\/wp-json\/wp\/v2\/posts\/18012\/revisions"}],"predecessor-version":[{"id":18014,"href":"http:\/\/staging.ibermusicas.org\/index.php\/wp-json\/wp\/v2\/posts\/18012\/revisions\/18014"}],"wp:featuredmedia":[{"embeddable":true,"href":"http:\/\/staging.ibermusicas.org\/index.php\/wp-json\/wp\/v2\/media\/18013"}],"wp:attachment":[{"href":"http:\/\/staging.ibermusicas.org\/index.php\/wp-json\/wp\/v2\/media?parent=18012"}],"wp:term":[{"taxonomy":"category","embeddable":true,"href":"http:\/\/staging.ibermusicas.org\/index.php\/wp-json\/wp\/v2\/categories?post=18012"},{"taxonomy":"post_tag","embeddable":true,"href":"http:\/\/staging.ibermusicas.org\/index.php\/wp-json\/wp\/v2\/tags?post=18012"}],"curies":[{"name":"wp","href":"https:\/\/api.w.org\/{rel}","templated":true}]}}