{"id":18015,"date":"2024-02-28T14:14:50","date_gmt":"2024-02-28T14:14:50","guid":{"rendered":"http:\/\/staging.ibermusicas.org\/?p=18015"},"modified":"2024-02-28T14:14:50","modified_gmt":"2024-02-28T14:14:50","slug":"alejandra-cardenas-apresenta-o-seu-trabalho-de-investigacao-o-amanhecer-do-som-eletronico-por-mulheres-latino-americanas","status":"publish","type":"post","link":"http:\/\/staging.ibermusicas.org\/index.php\/alejandra-cardenas-apresenta-o-seu-trabalho-de-investigacao-o-amanhecer-do-som-eletronico-por-mulheres-latino-americanas\/","title":{"rendered":"Alejandra C\u00e1rdenas apresenta o seu trabalho de investiga\u00e7\u00e3o \u00abO amanhecer do som eletr\u00f3nico por mulheres latino-americanas\u00bb"},"content":{"rendered":"<p>\u00abEl amanecer del sonido electr\u00f3nico por mujeres latinoamericanas\u00bb \u00e9 uma publica\u00e7\u00e3o que apresenta uma cole\u00e7\u00e3o de perspectivas, ensaios, entrevistas e cr\u00edticas centradas na produ\u00e7\u00e3o de m\u00fasica eletr\u00f3nica das primeiras criadoras latino-americanas, activas entre as d\u00e9cadas de 1960 e 1980.<\/p>\n<p>&nbsp;<\/p>\n<p>Os textos apresentados aproximam-nos do trabalho de uma nova gera\u00e7\u00e3o de investigadores que se t\u00eam concentrado em oferecer uma leitura n\u00e3o can\u00f3nica da hist\u00f3ria da m\u00fasica e da tecnologia na Am\u00e9rica Latina.<\/p>\n<p>&nbsp;<\/p>\n<p>Esta publica\u00e7\u00e3o \u00e9 tamb\u00e9m o registo de uma nova vis\u00e3o, um relato da condi\u00e7\u00e3o de ser mulher no campo da tecnologia musical, numa \u00e9poca em que este era predominantemente um dom\u00ednio masculino. Da mesma forma, o enquadramento deste projeto editorial abriu um espa\u00e7o para o di\u00e1logo intergeracional e o encontro de est\u00e9ticas, uma vez que muitas das autoras aqui reunidas s\u00e3o elas pr\u00f3prias criadoras de som.<\/p>\n<p>&nbsp;<\/p>\n<p>A obra contem textos de: Gabriela Aceves Sep\u00falveda, L\u00edlian Campesato, Susan Campos Fonseca, Susana S\u00e1nchez Carballo, Constanza Castagnet, Cristina Collazos, Daniela Fugellie, Isabelia Herrera, Nicole L&#8217;Huillier, Alma Laprida, Marcela Laura Perrone, Marcela Lucatelli, Ana Mar\u00eda Romano, Adaivis Marr\u00f3n P\u00e9rez, Jacqueline Nova, Sof\u00eda Scheps, Madelline Sevilla, Natasha Tiniacos, Paola Torres N\u00fa\u00f1ez del Prado e Gabi Yaya.<\/p>\n<p>&nbsp;<\/p>\n<p>Este projeto foi editado por: Luis Alvarado e Alejandra C\u00e1rdenas foi poss\u00edvel gra\u00e7as ao apoio do Programa Iberm\u00fasicas.<\/p>\n<p>&nbsp;<\/p>\n<p>S\u00e1bado, 2 de mar\u00e7o, RADIO CASO &#8211; 18H AR (CET-4)<\/p>\n<p><a href=\"https:\/\/centrodeartesonoro.cultura.gob.ar\">https:\/\/centrodeartesonoro.cultura.gob.ar<\/a><\/p>\n<p><a href=\"https:\/\/www.contingentsounds.com\/\">https:\/\/www.contingentsounds.com\/<\/a><\/p>\n","protected":false},"excerpt":{"rendered":"<p>\u00abEl amanecer del sonido electr\u00f3nico por mujeres latinoamericanas\u00bb \u00e9 uma publica\u00e7\u00e3o que apresenta uma cole\u00e7\u00e3o de perspectivas, ensaios, entrevistas e cr\u00edticas centradas na produ\u00e7\u00e3o de m\u00fasica eletr\u00f3nica das primeiras criadoras latino-americanas, activas entre as d\u00e9cadas de 1960 e 1980. &nbsp; Os textos apresentados aproximam-nos do trabalho de uma nova gera\u00e7\u00e3o de investigadores que se t\u00eam [&hellip;]<\/p>\n","protected":false},"author":7,"featured_media":18013,"comment_status":"closed","ping_status":"closed","sticky":false,"template":"","format":"standard","meta":{"footnotes":""},"categories":[218],"tags":[],"class_list":["post-18015","post","type-post","status-publish","format-standard","has-post-thumbnail","hentry","category-noticias-generales-pt"],"lang":"pt","translations":{"pt":18015,"es":18012},"pll_sync_post":[],"post_mailing_queue_ids":[],"_links":{"self":[{"href":"http:\/\/staging.ibermusicas.org\/index.php\/wp-json\/wp\/v2\/posts\/18015","targetHints":{"allow":["GET"]}}],"collection":[{"href":"http:\/\/staging.ibermusicas.org\/index.php\/wp-json\/wp\/v2\/posts"}],"about":[{"href":"http:\/\/staging.ibermusicas.org\/index.php\/wp-json\/wp\/v2\/types\/post"}],"author":[{"embeddable":true,"href":"http:\/\/staging.ibermusicas.org\/index.php\/wp-json\/wp\/v2\/users\/7"}],"replies":[{"embeddable":true,"href":"http:\/\/staging.ibermusicas.org\/index.php\/wp-json\/wp\/v2\/comments?post=18015"}],"version-history":[{"count":1,"href":"http:\/\/staging.ibermusicas.org\/index.php\/wp-json\/wp\/v2\/posts\/18015\/revisions"}],"predecessor-version":[{"id":18016,"href":"http:\/\/staging.ibermusicas.org\/index.php\/wp-json\/wp\/v2\/posts\/18015\/revisions\/18016"}],"wp:featuredmedia":[{"embeddable":true,"href":"http:\/\/staging.ibermusicas.org\/index.php\/wp-json\/wp\/v2\/media\/18013"}],"wp:attachment":[{"href":"http:\/\/staging.ibermusicas.org\/index.php\/wp-json\/wp\/v2\/media?parent=18015"}],"wp:term":[{"taxonomy":"category","embeddable":true,"href":"http:\/\/staging.ibermusicas.org\/index.php\/wp-json\/wp\/v2\/categories?post=18015"},{"taxonomy":"post_tag","embeddable":true,"href":"http:\/\/staging.ibermusicas.org\/index.php\/wp-json\/wp\/v2\/tags?post=18015"}],"curies":[{"name":"wp","href":"https:\/\/api.w.org\/{rel}","templated":true}]}}