{"id":18030,"date":"2024-02-28T14:36:16","date_gmt":"2024-02-28T14:36:16","guid":{"rendered":"http:\/\/staging.ibermusicas.org\/?p=18030"},"modified":"2024-02-28T14:36:16","modified_gmt":"2024-02-28T14:36:16","slug":"da-costa-rica-o-trio-feminino-la-chicharras-traz-o-seu-concerto-percepcoes-a-espanha-e-portugal","status":"publish","type":"post","link":"http:\/\/staging.ibermusicas.org\/index.php\/da-costa-rica-o-trio-feminino-la-chicharras-traz-o-seu-concerto-percepcoes-a-espanha-e-portugal\/","title":{"rendered":"Da Costa Rica, o trio feminino La Chicharras traz o seu concerto Percep\u00e7\u00f5es a Espanha e Portugal"},"content":{"rendered":"<p>O trio Las Chicharras, formado por Mariangel Matamoros, Karol Barboza e Karlyn Salazar, surgiu em 2012 como uma iniciativa de aproxima\u00e7\u00e3o \u00e0 diversificada m\u00fasica popular da Am\u00e9rica Latina, criando novas vers\u00f5es a partir de can\u00e7\u00f5es representativas de diferentes partes da regi\u00e3o, bem como a interpreta\u00e7\u00e3o de can\u00e7\u00f5es locais in\u00e9ditas.<\/p>\n<p>&nbsp;<\/p>\n<p>Viol\u00e3o, cavaquinho, caj\u00f3n peruano, clarinetes, flauta e vozes femininas se entrela\u00e7am para cultivar sua proposta sonora. Fizeram compila\u00e7\u00f5es de can\u00e7\u00f5es latino-americanas, costa-riquenhas e centro-americanas. Com o passar do tempo, surgiram cria\u00e7\u00f5es originais, baseadas em experi\u00eancias, ritmos e temas que despertaram o seu interesse.<\/p>\n<p>&nbsp;<\/p>\n<p>Percep\u00e7\u00f5es \u00e9 um concerto de can\u00e7\u00f5es feitas por mulheres latino-americanas. A nobreza das suas letras e o trabalho realizado por estas autoras representam um legado para a cultura latino-americana.<\/p>\n<p>&nbsp;<\/p>\n<p>Durante o m\u00eas de mar\u00e7o, no \u00e2mbito do Dia Internacional da Mulher, s\u00e3o propostos oito concertos em Espanha e Portugal, que procuram dar a conhecer as diferentes percep\u00e7\u00f5es da m\u00fasica feita por mulheres na regi\u00e3o latino-americana e tamb\u00e9m a apresenta\u00e7\u00e3o de m\u00fasica original de Las Chicharras. Can\u00e7\u00f5es criadas por mulheres latino-americanas, entre as quais Violeta Parra, Chabuca Granda, Mar\u00eda Elena Walsh, Guadalupe Urbina, Kattia Cardenal, Francisca Delgado, Elvira \u00c1lvarez, Marta G\u00f3mez, Georgina Hassan, Karol Barboza e Las Chicharras.<\/p>\n<p>&nbsp;<\/p>\n<p>Para al\u00e9m destes concertos, haver\u00e1 workshops com estudantes de m\u00fasica sobre os ritmos \u00abcalypso\u00bb e \u00abtambito\u00bb, como elementos da m\u00fasica da Costa Rica.<\/p>\n<p>&nbsp;<\/p>\n<p>Este projeto foi premiado pelo Programa Iberm\u00fasicas na linha de a\u00e7\u00e3o de Ajudas ao Sector Musical para a Circula\u00e7\u00e3o.<\/p>\n<p>&nbsp;<\/p>\n<p>&nbsp;<\/p>\n<ul>\n<li>Quinta-feira 7 de mar\u00e7o, 20h: Concerto na Cooperativa A Morada, Vigo, Pontevedra<\/li>\n<li>Sexta-feira, 8 de mar\u00e7o, 9h: Workshop sobre m\u00fasica da Costa Rica para o Departamento de Pedagogia do Conservat\u00f3rio Superior de M\u00fasica de Vigo, Pontevedra.<\/li>\n<li>Sexta-feira 8 de mar\u00e7o, 12h: Palestra &#8211; Concerto na Biblioteca do Conservat\u00f3rio Superior de M\u00fasica de Vigo, Pontevedra.<\/li>\n<li>Domingo, 10 de mar\u00e7o, 17h: Concerto na Arca da No\u00e9, Vilar de Santos, Ourense.<\/li>\n<li>Quarta-feira, 12 de mar\u00e7o: Workshop na Academia de Artes de Chaves, Portugal.<\/li>\n<li>Quarta-feira, 13 de mar\u00e7o, 19h30: Concerto na Academia de Artes de Chaves, Vila Real, Portugal.<\/li>\n<li>Sexta-feira, 15 de mar\u00e7o, 20h: Audit\u00f3rio Constante Liste, Concello de Teo, A Coru\u00f1a<\/li>\n<li>Sexta-Feira, 22 de mar\u00e7o, 19h: Centro Cultural La Elipa, Madrid<\/li>\n<li>S\u00e1bado, 23 de mar\u00e7o, 19h: Centro Cultural La Prensa, Madrid<\/li>\n<li>Domingo, 24 de mar\u00e7o: Centro Cultural Valdebernardo, Valdebernardo, Madrid<\/li>\n<\/ul>\n","protected":false},"excerpt":{"rendered":"<p>O trio Las Chicharras, formado por Mariangel Matamoros, Karol Barboza e Karlyn Salazar, surgiu em 2012 como uma iniciativa de aproxima\u00e7\u00e3o \u00e0 diversificada m\u00fasica popular da Am\u00e9rica Latina, criando novas vers\u00f5es a partir de can\u00e7\u00f5es representativas de diferentes partes da regi\u00e3o, bem como a interpreta\u00e7\u00e3o de can\u00e7\u00f5es locais in\u00e9ditas. &nbsp; Viol\u00e3o, cavaquinho, caj\u00f3n peruano, clarinetes, [&hellip;]<\/p>\n","protected":false},"author":7,"featured_media":18028,"comment_status":"closed","ping_status":"closed","sticky":false,"template":"","format":"standard","meta":{"footnotes":""},"categories":[218],"tags":[],"class_list":["post-18030","post","type-post","status-publish","format-standard","has-post-thumbnail","hentry","category-noticias-generales-pt"],"lang":"pt","translations":{"pt":18030,"es":18027},"pll_sync_post":[],"post_mailing_queue_ids":[],"_links":{"self":[{"href":"http:\/\/staging.ibermusicas.org\/index.php\/wp-json\/wp\/v2\/posts\/18030","targetHints":{"allow":["GET"]}}],"collection":[{"href":"http:\/\/staging.ibermusicas.org\/index.php\/wp-json\/wp\/v2\/posts"}],"about":[{"href":"http:\/\/staging.ibermusicas.org\/index.php\/wp-json\/wp\/v2\/types\/post"}],"author":[{"embeddable":true,"href":"http:\/\/staging.ibermusicas.org\/index.php\/wp-json\/wp\/v2\/users\/7"}],"replies":[{"embeddable":true,"href":"http:\/\/staging.ibermusicas.org\/index.php\/wp-json\/wp\/v2\/comments?post=18030"}],"version-history":[{"count":1,"href":"http:\/\/staging.ibermusicas.org\/index.php\/wp-json\/wp\/v2\/posts\/18030\/revisions"}],"predecessor-version":[{"id":18031,"href":"http:\/\/staging.ibermusicas.org\/index.php\/wp-json\/wp\/v2\/posts\/18030\/revisions\/18031"}],"wp:featuredmedia":[{"embeddable":true,"href":"http:\/\/staging.ibermusicas.org\/index.php\/wp-json\/wp\/v2\/media\/18028"}],"wp:attachment":[{"href":"http:\/\/staging.ibermusicas.org\/index.php\/wp-json\/wp\/v2\/media?parent=18030"}],"wp:term":[{"taxonomy":"category","embeddable":true,"href":"http:\/\/staging.ibermusicas.org\/index.php\/wp-json\/wp\/v2\/categories?post=18030"},{"taxonomy":"post_tag","embeddable":true,"href":"http:\/\/staging.ibermusicas.org\/index.php\/wp-json\/wp\/v2\/tags?post=18030"}],"curies":[{"name":"wp","href":"https:\/\/api.w.org\/{rel}","templated":true}]}}