{"id":18032,"date":"2024-02-28T14:43:44","date_gmt":"2024-02-28T14:43:44","guid":{"rendered":"http:\/\/staging.ibermusicas.org\/?p=18032"},"modified":"2024-03-27T03:23:26","modified_gmt":"2024-03-27T03:23:26","slug":"la-agrupacion-cubano-costarricense-brasilena-ritmos-de-litoral-se-presentara-en-brasil","status":"publish","type":"post","link":"http:\/\/staging.ibermusicas.org\/index.php\/la-agrupacion-cubano-costarricense-brasilena-ritmos-de-litoral-se-presentara-en-brasil\/","title":{"rendered":"La agrupaci\u00f3n cubano-costarricense-brasile\u00f1a Ritmos de Litoral se presentar\u00e1 en Brasil"},"content":{"rendered":"<p>Ritmos de Litoral es un proyecto musical que busca unir, mezclar, honrar y difundir m\u00fasicas tradicionales de Brasil, Costa Rica y Cuba; mediante la elaboraci\u00f3n de arreglos nuevos que mezclen elementos musicales de estas tres culturas. Procuran evidenciar los puntos transversales que estas manifestaciones comparten, especialmente, gracias al legado proveniente del continente africano y que una vez en Am\u00e9rica, se mezcl\u00f3 con las culturas ind\u00edgenas y europeas.<\/p>\n<p>&nbsp;<\/p>\n<p>Dentro del equipo de trabajo se cuenta con una de las caras m\u00e1s importantes del jazz afrocubano: la pianista Ariacne Trujillo, al igual que con el bajista Jorge Bringas; ambos m\u00fasicos de amplia y reconocida carrera. Asimismo, est\u00e1n los m\u00fasicos brasile\u00f1os Cristiano \u00abTuti\u00bb Rodrigues y Max Garcia, ambos ganadores de premios Grammy Latino y consolidadas figuras en su pa\u00eds. Lo complementan los hermanos Mar\u00eda Magdalena y Jos\u00e9 Andr\u00e9s Obando, costarricenses con varios a\u00f1os de experiencia en la m\u00fasica cubana y, finalmente, Michel Carbonell y Carlos Flores, dos m\u00fasicos cubanos que cuentan con m\u00e1s de 20 a\u00f1os de morar en Costa Rica. El equipo lo complementa la gestora cultural Mariela P\u00e9rez, tambi\u00e9n costarricense.<\/p>\n<p>&nbsp;<\/p>\n<p>Este proyecto ha sido ganador de las convocatorias 2023 de Iberm\u00fasicas en la l\u00ednea de Ayudas al Sector Musical para la Circulaci\u00f3n.<\/p>\n<p>&nbsp;<\/p>\n<ul>\n<li>8 de marzo: Concierto pedag\u00f3gico en el Centro Cultural Mestre Borel, Porto Alegre, Brasil<\/li>\n<li>13 de marzo: Concierto pedag\u00f3gico en Escola Moriah Music, S\u00e3o Paulo, Brasil<\/li>\n<li>17 de marzo: Concierto pedag\u00f3gico en Escola de Samba Salgueiro, Rio de Janeiro, Brasil<\/li>\n<\/ul>\n","protected":false},"excerpt":{"rendered":"<p>Ritmos de Litoral es un proyecto musical que busca unir, mezclar, honrar y difundir m\u00fasicas tradicionales de Brasil, Costa Rica y Cuba; mediante la elaboraci\u00f3n de arreglos nuevos que mezclen elementos musicales de estas tres culturas. Procuran evidenciar los puntos transversales que estas manifestaciones comparten, especialmente, gracias al legado proveniente del continente africano y que [&hellip;]<\/p>\n","protected":false},"author":7,"featured_media":18033,"comment_status":"closed","ping_status":"closed","sticky":false,"template":"","format":"standard","meta":{"footnotes":""},"categories":[53],"tags":[],"class_list":["post-18032","post","type-post","status-publish","format-standard","has-post-thumbnail","hentry","category-noticias-generales"],"lang":"es","translations":{"es":18032,"pt":18035},"pll_sync_post":[],"post_mailing_queue_ids":[],"_links":{"self":[{"href":"http:\/\/staging.ibermusicas.org\/index.php\/wp-json\/wp\/v2\/posts\/18032","targetHints":{"allow":["GET"]}}],"collection":[{"href":"http:\/\/staging.ibermusicas.org\/index.php\/wp-json\/wp\/v2\/posts"}],"about":[{"href":"http:\/\/staging.ibermusicas.org\/index.php\/wp-json\/wp\/v2\/types\/post"}],"author":[{"embeddable":true,"href":"http:\/\/staging.ibermusicas.org\/index.php\/wp-json\/wp\/v2\/users\/7"}],"replies":[{"embeddable":true,"href":"http:\/\/staging.ibermusicas.org\/index.php\/wp-json\/wp\/v2\/comments?post=18032"}],"version-history":[{"count":1,"href":"http:\/\/staging.ibermusicas.org\/index.php\/wp-json\/wp\/v2\/posts\/18032\/revisions"}],"predecessor-version":[{"id":18034,"href":"http:\/\/staging.ibermusicas.org\/index.php\/wp-json\/wp\/v2\/posts\/18032\/revisions\/18034"}],"wp:featuredmedia":[{"embeddable":true,"href":"http:\/\/staging.ibermusicas.org\/index.php\/wp-json\/wp\/v2\/media\/18033"}],"wp:attachment":[{"href":"http:\/\/staging.ibermusicas.org\/index.php\/wp-json\/wp\/v2\/media?parent=18032"}],"wp:term":[{"taxonomy":"category","embeddable":true,"href":"http:\/\/staging.ibermusicas.org\/index.php\/wp-json\/wp\/v2\/categories?post=18032"},{"taxonomy":"post_tag","embeddable":true,"href":"http:\/\/staging.ibermusicas.org\/index.php\/wp-json\/wp\/v2\/tags?post=18032"}],"curies":[{"name":"wp","href":"https:\/\/api.w.org\/{rel}","templated":true}]}}