{"id":18035,"date":"2024-02-28T14:45:10","date_gmt":"2024-02-28T14:45:10","guid":{"rendered":"http:\/\/staging.ibermusicas.org\/?p=18035"},"modified":"2024-03-27T03:20:24","modified_gmt":"2024-03-27T03:20:24","slug":"o-grupo-cubano-costa-riquenho-brasileiro-ritmos-de-litoral-se-apresentara-no-brasil","status":"publish","type":"post","link":"http:\/\/staging.ibermusicas.org\/index.php\/o-grupo-cubano-costa-riquenho-brasileiro-ritmos-de-litoral-se-apresentara-no-brasil\/","title":{"rendered":"O grupo cubano-costa-riquenho-brasileiro Ritmos de Litoral se apresentar\u00e1 no Brasil"},"content":{"rendered":"<p>Ritmos de Litoral \u00e9 um projeto musical que busca unir, misturar, homenagear e difundir a m\u00fasica tradicional do Brasil, Costa Rica e Cuba, atrav\u00e9s da elabora\u00e7\u00e3o de novos arranjos que misturam elementos musicais dessas tr\u00eas culturas. Procuram evidenciar os pontos transversais que estas manifesta\u00e7\u00f5es partilham, sobretudo gra\u00e7as ao legado vindo do continente africano e que, uma vez na Am\u00e9rica, se misturou com as culturas ind\u00edgenas e europeias.<\/p>\n<p>&nbsp;<\/p>\n<p>A equipa inclui um dos rostos mais importantes do jazz afro-cubano: a pianista Ariacne Trujillo, bem como o contrabaixista Jorge Bringas, ambos m\u00fasicos com carreiras extensas e reconhecidas. Tamb\u00e9m fazem parte do alinhamento os m\u00fasicos brasileiros Cristiano \u00abTuti\u00bb Rodrigues e Max Garcia, ambos vencedores do Grammy Latino e figuras consagradas no seu pa\u00eds. A eles juntam-se os irm\u00e3os Mar\u00eda Magdalena e Jos\u00e9 Andr\u00e9s Obando, costa-riquenhos com v\u00e1rios anos de experi\u00eancia na m\u00fasica cubana e, finalmente, Michel Carbonell e Carlos Flores, dois m\u00fasicos cubanos que vivem na Costa Rica h\u00e1 mais de 20 anos. A equipa \u00e9 completada pela gestora cultural Mariela P\u00e9rez, tamb\u00e9m costa-riquenha.<\/p>\n<p>&nbsp;<\/p>\n<p>Este projeto foi vencedor do concurso Iberm\u00fasicas 2023 na linha de Ajudas ao Sector Musical para a Circula\u00e7\u00e3o.<\/p>\n<p>&nbsp;<\/p>\n<ul>\n<li>8 de mar\u00e7o: Concerto pedag\u00f3gico no Centro Cultural Mestre Borel, Porto Alegre, Brasil.<\/li>\n<li>13 de mar\u00e7o: Concerto pedag\u00f3gico na Escola de M\u00fasica Moriah, S\u00e3o Paulo, Brasil<\/li>\n<li>17 de mar\u00e7o: Concerto pedag\u00f3gico na Escola de Samba Salgueiro, Rio de Janeiro, Brasil<\/li>\n<\/ul>\n","protected":false},"excerpt":{"rendered":"<p>Ritmos de Litoral \u00e9 um projeto musical que busca unir, misturar, homenagear e difundir a m\u00fasica tradicional do Brasil, Costa Rica e Cuba, atrav\u00e9s da elabora\u00e7\u00e3o de novos arranjos que misturam elementos musicais dessas tr\u00eas culturas. Procuram evidenciar os pontos transversais que estas manifesta\u00e7\u00f5es partilham, sobretudo gra\u00e7as ao legado vindo do continente africano e que, [&hellip;]<\/p>\n","protected":false},"author":7,"featured_media":18033,"comment_status":"closed","ping_status":"closed","sticky":false,"template":"","format":"standard","meta":{"footnotes":""},"categories":[218],"tags":[],"class_list":["post-18035","post","type-post","status-publish","format-standard","has-post-thumbnail","hentry","category-noticias-generales-pt"],"lang":"pt","translations":{"pt":18035,"es":18032},"pll_sync_post":[],"post_mailing_queue_ids":[],"_links":{"self":[{"href":"http:\/\/staging.ibermusicas.org\/index.php\/wp-json\/wp\/v2\/posts\/18035","targetHints":{"allow":["GET"]}}],"collection":[{"href":"http:\/\/staging.ibermusicas.org\/index.php\/wp-json\/wp\/v2\/posts"}],"about":[{"href":"http:\/\/staging.ibermusicas.org\/index.php\/wp-json\/wp\/v2\/types\/post"}],"author":[{"embeddable":true,"href":"http:\/\/staging.ibermusicas.org\/index.php\/wp-json\/wp\/v2\/users\/7"}],"replies":[{"embeddable":true,"href":"http:\/\/staging.ibermusicas.org\/index.php\/wp-json\/wp\/v2\/comments?post=18035"}],"version-history":[{"count":1,"href":"http:\/\/staging.ibermusicas.org\/index.php\/wp-json\/wp\/v2\/posts\/18035\/revisions"}],"predecessor-version":[{"id":18036,"href":"http:\/\/staging.ibermusicas.org\/index.php\/wp-json\/wp\/v2\/posts\/18035\/revisions\/18036"}],"wp:featuredmedia":[{"embeddable":true,"href":"http:\/\/staging.ibermusicas.org\/index.php\/wp-json\/wp\/v2\/media\/18033"}],"wp:attachment":[{"href":"http:\/\/staging.ibermusicas.org\/index.php\/wp-json\/wp\/v2\/media?parent=18035"}],"wp:term":[{"taxonomy":"category","embeddable":true,"href":"http:\/\/staging.ibermusicas.org\/index.php\/wp-json\/wp\/v2\/categories?post=18035"},{"taxonomy":"post_tag","embeddable":true,"href":"http:\/\/staging.ibermusicas.org\/index.php\/wp-json\/wp\/v2\/tags?post=18035"}],"curies":[{"name":"wp","href":"https:\/\/api.w.org\/{rel}","templated":true}]}}