{"id":18037,"date":"2024-02-28T14:46:18","date_gmt":"2024-02-28T14:46:18","guid":{"rendered":"http:\/\/staging.ibermusicas.org\/?p=18037"},"modified":"2024-03-27T03:23:20","modified_gmt":"2024-03-27T03:23:20","slug":"festival-mujeres-musicas-contemporaneas-2024-cuarta-edicion","status":"publish","type":"post","link":"http:\/\/staging.ibermusicas.org\/index.php\/festival-mujeres-musicas-contemporaneas-2024-cuarta-edicion\/","title":{"rendered":"Festival Mujeres M\u00fasicas Contempor\u00e1neas 2024 \u2013 Cuarta Edici\u00f3n"},"content":{"rendered":"<p>Mujeres M\u00fasicas Contempor\u00e1neas es un festival de m\u00fasica que tiene como objetivo visibilizar y difundir la m\u00fasica de compositoras del pasado y del presente, as\u00ed como tambi\u00e9n, el trabajo de mujeres en diferentes \u00e1reas del \u00e1mbito musical, a trav\u00e9s de la interpretaci\u00f3n de m\u00fasica de compositoras, de la proyecci\u00f3n int\u00e9rpretes musicales mujeres, de la difusi\u00f3n de las investigaciones musicales de mujeres, as\u00ed como tambi\u00e9n, de la promoci\u00f3n en la educaci\u00f3n musical con perspectiva de g\u00e9nero, en el estado de Yucat\u00e1n.<\/p>\n<p>&nbsp;<\/p>\n<p>Mujeres M\u00fasicas Contempor\u00e1neas fue creado en el a\u00f1o 2021, por la compositora y pianista Blanca Fuentes Valencia, la cual, a lo largo de tres ediciones ha convocado y organizado a m\u00e1s de 30 artistas musicales, para que a trav\u00e9s de las diferentes actividades que se desarrollan en el festival, pueda promover el empoderamiento de las mujeres y construir m\u00e1s referentes mujeres en los diversos \u00e1mbitos del quehacer musical.<\/p>\n<p>&nbsp;<\/p>\n<p>En esta cuarta edici\u00f3n se realizar\u00e1n 7 conciertos de diferentes g\u00e9neros musicales (\u00f3pera, pop, urbano, m\u00fasica cl\u00e1sica y m\u00fasica coral); 2 talleres de m\u00fasica coral dirigidos a las infancias (uno que se realizar\u00e1 en comunidad rural y otro una zona urbana); y 1 ciclo de actividades acad\u00e9micas en torno a la m\u00fasica (dirigido a la comunidad musical y art\u00edstica del estado de Yucat\u00e1n), todos de acceso gratuito al p\u00fablico.<\/p>\n<p>&nbsp;<\/p>\n<p>Este festival cuenta con el apoyo de Iberm\u00fasicas a trav\u00e9s de sus Ayudas al Sector Musical para la Programaci\u00f3n, convocatorias 2023.<\/p>\n<p>&nbsp;<\/p>\n<p>&nbsp;<\/p>\n<ul>\n<li>9 de marzo \u2013 Concierto Inaugural, M\u00e9rida, M\u00e9xico<\/li>\n<li>10 de marzo \u2013 Concierto \u201cNotas de Inspiraci\u00f3n\u201d. M\u00e9rida, M\u00e9xico<\/li>\n<li>12 de marzo \u2013 Concierto \u201cHermanas de la Habana\u201d por Ensamble Vocal Luna, M\u00e9rida, M\u00e9xico<\/li>\n<li>13 de marzo \u2013 Concierto \u201cEllas cantan, ellas crean\u201d, M\u00e9rida, M\u00e9xico<\/li>\n<li>14 de marzo \u2013 Jornada Acad\u00e9mica, M\u00e9rida, M\u00e9xico<\/li>\n<li>15 de marzo \u2013 Taller de Sensibilizaci\u00f3n Coral por Ensamble Vocal Luna y Concierto \u201cMujeres en la Partitura\u00bb, M\u00e9rida, M\u00e9xico<\/li>\n<li>16 de marzo \u2013 Concierto \u201cTradici\u00f3n del Mayab\u00bb, M\u00e9rida, M\u00e9xico<\/li>\n<li>16 de marzo \u2013 Taller de Sensibilizaci\u00f3n Coral y Concierto \u201cVoces de la Habana\u201d por Ensamble Vocal Luna, Motul, M\u00e9xico<\/li>\n<li>17 de marzo \u2013 Concierto de Clausura \u201cVoces de Sororidad\u201d, M\u00e9rida, M\u00e9xico<\/li>\n<\/ul>\n","protected":false},"excerpt":{"rendered":"<p>Mujeres M\u00fasicas Contempor\u00e1neas es un festival de m\u00fasica que tiene como objetivo visibilizar y difundir la m\u00fasica de compositoras del pasado y del presente, as\u00ed como tambi\u00e9n, el trabajo de mujeres en diferentes \u00e1reas del \u00e1mbito musical, a trav\u00e9s de la interpretaci\u00f3n de m\u00fasica de compositoras, de la proyecci\u00f3n int\u00e9rpretes musicales mujeres, de la difusi\u00f3n [&hellip;]<\/p>\n","protected":false},"author":7,"featured_media":18038,"comment_status":"closed","ping_status":"closed","sticky":false,"template":"","format":"standard","meta":{"footnotes":""},"categories":[53],"tags":[],"class_list":["post-18037","post","type-post","status-publish","format-standard","has-post-thumbnail","hentry","category-noticias-generales"],"lang":"es","translations":{"es":18037,"pt":18040},"pll_sync_post":[],"post_mailing_queue_ids":[],"_links":{"self":[{"href":"http:\/\/staging.ibermusicas.org\/index.php\/wp-json\/wp\/v2\/posts\/18037","targetHints":{"allow":["GET"]}}],"collection":[{"href":"http:\/\/staging.ibermusicas.org\/index.php\/wp-json\/wp\/v2\/posts"}],"about":[{"href":"http:\/\/staging.ibermusicas.org\/index.php\/wp-json\/wp\/v2\/types\/post"}],"author":[{"embeddable":true,"href":"http:\/\/staging.ibermusicas.org\/index.php\/wp-json\/wp\/v2\/users\/7"}],"replies":[{"embeddable":true,"href":"http:\/\/staging.ibermusicas.org\/index.php\/wp-json\/wp\/v2\/comments?post=18037"}],"version-history":[{"count":1,"href":"http:\/\/staging.ibermusicas.org\/index.php\/wp-json\/wp\/v2\/posts\/18037\/revisions"}],"predecessor-version":[{"id":18039,"href":"http:\/\/staging.ibermusicas.org\/index.php\/wp-json\/wp\/v2\/posts\/18037\/revisions\/18039"}],"wp:featuredmedia":[{"embeddable":true,"href":"http:\/\/staging.ibermusicas.org\/index.php\/wp-json\/wp\/v2\/media\/18038"}],"wp:attachment":[{"href":"http:\/\/staging.ibermusicas.org\/index.php\/wp-json\/wp\/v2\/media?parent=18037"}],"wp:term":[{"taxonomy":"category","embeddable":true,"href":"http:\/\/staging.ibermusicas.org\/index.php\/wp-json\/wp\/v2\/categories?post=18037"},{"taxonomy":"post_tag","embeddable":true,"href":"http:\/\/staging.ibermusicas.org\/index.php\/wp-json\/wp\/v2\/tags?post=18037"}],"curies":[{"name":"wp","href":"https:\/\/api.w.org\/{rel}","templated":true}]}}