{"id":18040,"date":"2024-02-28T14:47:20","date_gmt":"2024-02-28T14:47:20","guid":{"rendered":"http:\/\/staging.ibermusicas.org\/?p=18040"},"modified":"2024-03-27T03:20:17","modified_gmt":"2024-03-27T03:20:17","slug":"festival-mujeres-musicas-contemporaneas-2024-quarta-edicao","status":"publish","type":"post","link":"http:\/\/staging.ibermusicas.org\/index.php\/festival-mujeres-musicas-contemporaneas-2024-quarta-edicao\/","title":{"rendered":"Festival Mujeres M\u00fasicas Contempor\u00e2neas 2024 &#8211; Quarta Edi\u00e7\u00e3o"},"content":{"rendered":"<p>Mujeres M\u00fasicas Contempor\u00e2neas \u00e9 um festival de m\u00fasica que visa dar visibilidade e divulgar a m\u00fasica de mulheres compositoras do passado e do presente, bem como o trabalho das mulheres em diferentes \u00e1reas do campo musical, atrav\u00e9s da execu\u00e7\u00e3o de m\u00fasica de mulheres compositoras, da proje\u00e7\u00e3o de mulheres int\u00e9rpretes musicais, da divulga\u00e7\u00e3o de pesquisas musicais de mulheres, bem como da promo\u00e7\u00e3o da educa\u00e7\u00e3o musical com perspetiva de g\u00eanero no estado de Yucat\u00e1n.<\/p>\n<p>&nbsp;<\/p>\n<p>Mujeres M\u00fasicas Contempor\u00e2neas foi criado no ano de 2021, pela compositora e pianista Blanca Fuentes Valencia, que, ao longo de tr\u00eas edi\u00e7\u00f5es, convocou e organizou mais de 30 artistas musicais, para que atrav\u00e9s das diferentes actividades que se realizam no festival, possam promover o empoderamento das mulheres e construir mais refer\u00eancias femininas nos diversos campos da m\u00fasica.<\/p>\n<p>&nbsp;<\/p>\n<p>Nesta quarta edi\u00e7\u00e3o ser\u00e3o realizados 7 concertos de diferentes g\u00e9neros musicais (\u00f3pera, pop, urbana, cl\u00e1ssica e coral); 2 oficinas de m\u00fasica coral dirigidas a crian\u00e7as (uma a realizar numa comunidade rural e outra numa zona urbana); e 1 ciclo de actividades acad\u00e9micas em torno da m\u00fasica (dirigido \u00e0 comunidade musical e art\u00edstica do estado de Yucat\u00e1n), todos gratuitos para o p\u00fablico.<\/p>\n<p>&nbsp;<\/p>\n<p>Este festival \u00e9 apoiado pelo Programa Iberm\u00fasicas atrav\u00e9s das suas Ajudas ao Sector Musical para a Programa\u00e7\u00e3o, convocat\u00f3rias 2023.<\/p>\n<p>&nbsp;<\/p>\n<ul>\n<li>9 de mar\u00e7o &#8211; Concerto inaugural, M\u00e9rida, M\u00e9xico<\/li>\n<li>10 de mar\u00e7o &#8211; Concerto \u00abNotes of Inspiration\u00bb. M\u00e9rida, M\u00e9xico<\/li>\n<li>12 de mar\u00e7o &#8211; Concerto \u00abHermanas de la Habana\u00bb do Ensamble Vocal Luna, M\u00e9rida, M\u00e9xico<\/li>\n<li>13 de mar\u00e7o &#8211; Concerto \u00abEllas cantan, ellas crean\u00bb, M\u00e9rida, M\u00e9xico<\/li>\n<li>14 de mar\u00e7o &#8211; Dia Acad\u00eamico, M\u00e9rida, M\u00e9xico<\/li>\n<li>15 de mar\u00e7o &#8211; Workshop de conscientiza\u00e7\u00e3o coral do Ensamble Vocal Luna e concerto \u00abMujeres en la Partitura\u00bb, M\u00e9rida, M\u00e9xico<\/li>\n<li>16 de mar\u00e7o &#8211; Concerto \u00abTradici\u00f3n del Mayab\u00bb, M\u00e9rida, M\u00e9xico<\/li>\n<li>16 de mar\u00e7o &#8211; Workshop de conscientiza\u00e7\u00e3o coral e concerto \u00abVoces de la Habana\u00bb do Ensamble Vocal Luna, Motul, M\u00e9xico<\/li>\n<li>17 de mar\u00e7o &#8211; Concerto de encerramento \u00abVoces de Sororidad\u00bb, M\u00e9rida, M\u00e9xico<\/li>\n<\/ul>\n","protected":false},"excerpt":{"rendered":"<p>Mujeres M\u00fasicas Contempor\u00e2neas \u00e9 um festival de m\u00fasica que visa dar visibilidade e divulgar a m\u00fasica de mulheres compositoras do passado e do presente, bem como o trabalho das mulheres em diferentes \u00e1reas do campo musical, atrav\u00e9s da execu\u00e7\u00e3o de m\u00fasica de mulheres compositoras, da proje\u00e7\u00e3o de mulheres int\u00e9rpretes musicais, da divulga\u00e7\u00e3o de pesquisas musicais [&hellip;]<\/p>\n","protected":false},"author":7,"featured_media":18038,"comment_status":"closed","ping_status":"closed","sticky":false,"template":"","format":"standard","meta":{"footnotes":""},"categories":[218],"tags":[],"class_list":["post-18040","post","type-post","status-publish","format-standard","has-post-thumbnail","hentry","category-noticias-generales-pt"],"lang":"pt","translations":{"pt":18040,"es":18037},"pll_sync_post":[],"post_mailing_queue_ids":[],"_links":{"self":[{"href":"http:\/\/staging.ibermusicas.org\/index.php\/wp-json\/wp\/v2\/posts\/18040","targetHints":{"allow":["GET"]}}],"collection":[{"href":"http:\/\/staging.ibermusicas.org\/index.php\/wp-json\/wp\/v2\/posts"}],"about":[{"href":"http:\/\/staging.ibermusicas.org\/index.php\/wp-json\/wp\/v2\/types\/post"}],"author":[{"embeddable":true,"href":"http:\/\/staging.ibermusicas.org\/index.php\/wp-json\/wp\/v2\/users\/7"}],"replies":[{"embeddable":true,"href":"http:\/\/staging.ibermusicas.org\/index.php\/wp-json\/wp\/v2\/comments?post=18040"}],"version-history":[{"count":1,"href":"http:\/\/staging.ibermusicas.org\/index.php\/wp-json\/wp\/v2\/posts\/18040\/revisions"}],"predecessor-version":[{"id":18041,"href":"http:\/\/staging.ibermusicas.org\/index.php\/wp-json\/wp\/v2\/posts\/18040\/revisions\/18041"}],"wp:featuredmedia":[{"embeddable":true,"href":"http:\/\/staging.ibermusicas.org\/index.php\/wp-json\/wp\/v2\/media\/18038"}],"wp:attachment":[{"href":"http:\/\/staging.ibermusicas.org\/index.php\/wp-json\/wp\/v2\/media?parent=18040"}],"wp:term":[{"taxonomy":"category","embeddable":true,"href":"http:\/\/staging.ibermusicas.org\/index.php\/wp-json\/wp\/v2\/categories?post=18040"},{"taxonomy":"post_tag","embeddable":true,"href":"http:\/\/staging.ibermusicas.org\/index.php\/wp-json\/wp\/v2\/tags?post=18040"}],"curies":[{"name":"wp","href":"https:\/\/api.w.org\/{rel}","templated":true}]}}