{"id":18042,"date":"2024-02-28T14:48:36","date_gmt":"2024-02-28T14:48:36","guid":{"rendered":"http:\/\/staging.ibermusicas.org\/?p=18042"},"modified":"2024-03-27T03:23:13","modified_gmt":"2024-03-27T03:23:13","slug":"la-cantante-karina-beorlegui-presenta-en-buenos-aires-su-album-encuentro-amalia-gardel","status":"publish","type":"post","link":"http:\/\/staging.ibermusicas.org\/index.php\/la-cantante-karina-beorlegui-presenta-en-buenos-aires-su-album-encuentro-amalia-gardel\/","title":{"rendered":"La cantante Karina Beorlegui presenta en Buenos Aires su \u00e1lbum Encuentro Amalia &#8211; Gardel"},"content":{"rendered":"<p>Encuentro Amalia &#8211; Gardel es un \u00e1lbum de tango y fado que est\u00e1 postulado a los Premios Carlos Gardel. Fue lanzado por el sello Acqua Records en 2023 y producido entre Argentina y Portugal con el apoyo de Iberm\u00fasicas mediante sus Ayudas al Sector Musical en Modalidad Virtual. Encuentro Am\u00e1lia-Gardel es un disco homenaje a estas dos grandes figuras emblema de la canci\u00f3n de Buenos Aires y Lisboa. Este trabajo cuenta tambi\u00e9n con el apoyo de la Fundac\u00e3o Am\u00e1lia Rodrigues de Portugal y de la Academia Nacional del Tango de Argentina.<\/p>\n<p>&nbsp;<\/p>\n<p>Karina Beorlegui se presenta por primera vez en Don Narciso, espacio para la cultura popular que funciona ahora en el m\u00edtico lugar hist\u00f3rico, La Flor de Barracas que cumple 118 a\u00f1os. Estar\u00e1 acompa\u00f1ada por Nacho Cabello en guitarra portuguesa y guitarra criolla.<\/p>\n<p>&nbsp;<\/p>\n<p>Karina Beorlegui es cantante, productora y actriz. Ide\u00f3loga y productora general de los cinco Festivales Porte\u00f1os de Fado y Tango realizados en Buenos Aires (2012, 2014 , 2017, 2019 y 2021) y que incluyeron una line up de m\u00e1s de 60 artistas, entre ellos los portugueses; Mafalda Arnauth, Z\u00e9 Perdig\u00e3o, N\u00e9 Barandas, Bruno Costa, Paulo Valentin y Fernanda Paulo. Produjo y fue anfitriona durante 10 a\u00f1os de un ciclo propio de tango, fado y otros ritmos portuarios, el \u00abFado Tango Club\u00bb en el CAFF.<\/p>\n<p>&nbsp;<\/p>\n<p>En su doble rol de actriz y cantante ha trabajado con el reconocido escritor y conductor Alejandro Dolina en \u00abTangos del Bar del Infierno\u00bb as\u00ed como protagonizando la Operita \u00abLo que me cost\u00f3 el amor de Laura\u00bb, y en la miniserie de TV \u00abRecordando El show de Alejandro Molina\u00bb Tambi\u00e9n actu\u00f3, en la obra teatral \u201cEl Romance del Romeo y la Julieta\u00bb.<\/p>\n<p>&nbsp;<\/p>\n<ul>\n<li>Viernes 15 de marzo, 21h en Don Narciso Club, Arcamendia 780, Barracas, CABA (La Flor de Barracas)<\/li>\n<\/ul>\n<p>&nbsp;<\/p>\n<p><a href=\"https:\/\/orcd.co\/xj8ok6m?fbclid=IwAR0wOlHzyBOIrTdp7lFpgPCZLrQKJ_BtsS_jzhdshmiql-bvol4enu8l_MA\">https:\/\/orcd.co\/xj8ok6m?fbclid=IwAR0wOlHzyBOIrTdp7lFpgPCZLrQKJ_BtsS_jzhdshmiql-bvol4enu8l_MA<\/a><\/p>\n","protected":false},"excerpt":{"rendered":"<p>Encuentro Amalia &#8211; Gardel es un \u00e1lbum de tango y fado que est\u00e1 postulado a los Premios Carlos Gardel. Fue lanzado por el sello Acqua Records en 2023 y producido entre Argentina y Portugal con el apoyo de Iberm\u00fasicas mediante sus Ayudas al Sector Musical en Modalidad Virtual. Encuentro Am\u00e1lia-Gardel es un disco homenaje a [&hellip;]<\/p>\n","protected":false},"author":7,"featured_media":18043,"comment_status":"closed","ping_status":"closed","sticky":false,"template":"","format":"standard","meta":{"footnotes":""},"categories":[53],"tags":[],"class_list":["post-18042","post","type-post","status-publish","format-standard","has-post-thumbnail","hentry","category-noticias-generales"],"lang":"es","translations":{"es":18042,"pt":18045},"pll_sync_post":[],"post_mailing_queue_ids":[],"_links":{"self":[{"href":"http:\/\/staging.ibermusicas.org\/index.php\/wp-json\/wp\/v2\/posts\/18042","targetHints":{"allow":["GET"]}}],"collection":[{"href":"http:\/\/staging.ibermusicas.org\/index.php\/wp-json\/wp\/v2\/posts"}],"about":[{"href":"http:\/\/staging.ibermusicas.org\/index.php\/wp-json\/wp\/v2\/types\/post"}],"author":[{"embeddable":true,"href":"http:\/\/staging.ibermusicas.org\/index.php\/wp-json\/wp\/v2\/users\/7"}],"replies":[{"embeddable":true,"href":"http:\/\/staging.ibermusicas.org\/index.php\/wp-json\/wp\/v2\/comments?post=18042"}],"version-history":[{"count":1,"href":"http:\/\/staging.ibermusicas.org\/index.php\/wp-json\/wp\/v2\/posts\/18042\/revisions"}],"predecessor-version":[{"id":18044,"href":"http:\/\/staging.ibermusicas.org\/index.php\/wp-json\/wp\/v2\/posts\/18042\/revisions\/18044"}],"wp:featuredmedia":[{"embeddable":true,"href":"http:\/\/staging.ibermusicas.org\/index.php\/wp-json\/wp\/v2\/media\/18043"}],"wp:attachment":[{"href":"http:\/\/staging.ibermusicas.org\/index.php\/wp-json\/wp\/v2\/media?parent=18042"}],"wp:term":[{"taxonomy":"category","embeddable":true,"href":"http:\/\/staging.ibermusicas.org\/index.php\/wp-json\/wp\/v2\/categories?post=18042"},{"taxonomy":"post_tag","embeddable":true,"href":"http:\/\/staging.ibermusicas.org\/index.php\/wp-json\/wp\/v2\/tags?post=18042"}],"curies":[{"name":"wp","href":"https:\/\/api.w.org\/{rel}","templated":true}]}}